{"id":171143,"date":"2025-11-30T22:53:59","date_gmt":"2025-11-30T22:53:59","guid":{"rendered":"https:\/\/www.europesays.com\/pt\/171143\/"},"modified":"2025-11-30T22:53:59","modified_gmt":"2025-11-30T22:53:59","slug":"ucrania-zelensky-considera-viavel-alcancar-acordo-para-o-fim-da-guerra-nos-proximos-dias","status":"publish","type":"post","link":"https:\/\/www.europesays.com\/pt\/171143\/","title":{"rendered":"Ucr\u00e2nia. Zelensky considera vi\u00e1vel alcan\u00e7ar acordo para o fim da guerra &#8220;nos pr\u00f3ximos dias&#8221;"},"content":{"rendered":"<p>&#13;<br \/>\n\u201cOs norte-americanos est\u00e3o a mostrar uma abordagem construtiva e \u00e9 poss\u00edvel que nos pr\u00f3ximos dias sejam concretizados os passos para determinar como p\u00f4r um fim digno \u00e0 guerra\u201d afirmou Zelensky, no seu habitual discurso ao fim de cada dia.&#13;\n<\/p>\n<p>Zelensky destacou que a delega\u00e7\u00e3o ucraniana para as negocia\u00e7\u00f5es j\u00e1 est\u00e1 nos Estados Unidos para \u201ccontinuar o di\u00e1logo com base nos pontos de Genebra\u201d, numa refer\u00eancia \u00e0s discuss\u00f5es que decorreram no fim de semana passado na cidade su\u00ed\u00e7a e que tamb\u00e9m envolveram os aliados europeus de Kiev.<\/p>\n<p>\u201cA diplomacia continua ativa (&#8230;). A delega\u00e7\u00e3o ucraniana tem as diretrizes necess\u00e1rias e espero que os representantes trabalhem de acordo com as claras prioridades ucranianas\u201d, afirmou.<\/p>\n<p>Um respons\u00e1vel governamental dos Estados Unidos, citado pela ag\u00eancia noticiosa France-Presse (AFP), indicou entretanto que o secret\u00e1rio de Estado norte-americano, Marco Rubio, e o enviado especial do Presidente Donald Trump, Steve Witkoff, v\u00e3o encontrar-se no domingo com a delega\u00e7\u00e3o ucraniana na Florida.<\/p>\n<p>Estar\u00e3o acompanhados por Jared Kushner, genro do Presidente Trump.<\/p>\n<p>Estes contactos surgem ap\u00f3s a apresenta\u00e7\u00e3o por Donald Trump, nos \u00faltimos dias, de um plano para p\u00f4r fim \u00e0 guerra entre a Ucr\u00e2nia e a R\u00fassia.<\/p>\n<p>A proposta inicial de Washington, composta por 28 pontos, previa a ced\u00eancia de territ\u00f3rios \u00e0 R\u00fassia, a redu\u00e7\u00e3o de efetivos do ex\u00e9rcito da Ucr\u00e2nia e a consagra\u00e7\u00e3o da neutralidade ucraniana na sua Constitui\u00e7\u00e3o, entre outros aspetos que s\u00e3o rejeitados por Kiev.<\/p>\n<p>No mesmo discurso, Zelensky tamb\u00e9m referiu o ataque russo \u201cem grande escala\u201d da noite passada com drones e m\u00edsseis que visou as infraestruturas el\u00e9tricas ucranianas.<\/p>\n<p>\u201cA R\u00fassia n\u00e3o muda de t\u00e1tica e continua a tentar infligir este tipo de dor \u00e0 Ucr\u00e2nia antes do inverno\u201d, lamentou o chefe de Estado ucraniano.<\/p>\n<p>No entanto, salientou Zelensky, o pa\u00eds est\u00e1 a reagir e h\u00e1 interce\u00e7\u00f5es.<\/p>\n<p>\u201cO importante \u00e9 que estamos a responder (\u2026). Foram abatidos 19 m\u00edsseis, incluindo bal\u00edsticos. Quase 560 drones tamb\u00e9m foram neutralizados, incluindo quase 300 Shahed (de fabrico iraniano). Infelizmente, nem todos foram abatidos. Trabalhar para refor\u00e7ar as defesas antia\u00e9reas \u00e9 a prioridade n\u00famero um\u201d, frisou.<\/p>\n<p>Nesse sentido, o l\u00edder ucraniano voltou a pedir a colabora\u00e7\u00e3o dos aliados, porque \u201cnenhum pa\u00eds pode enfrentar isto sozinho\u201d.<\/p>\n<p>O objetivo \u00e9, prosseguiu, \u201caumentar a qualidade da nossa defesa antia\u00e9rea\u201d e, para isso, \u201ccontamos com o apoio dos nossos parceiros\u201d.<\/p>\n<p>A ofensiva militar russa no territ\u00f3rio ucraniano, lan\u00e7ada a 24 de fevereiro de 2022, mergulhou a Europa naquela que \u00e9 considerada a crise de seguran\u00e7a mais grave desde a Segunda Guerra Mundial (1939-1945).&#13;\n            <\/p>\n","protected":false},"excerpt":{"rendered":"&#13; \u201cOs norte-americanos est\u00e3o a mostrar uma abordagem construtiva e \u00e9 poss\u00edvel que nos pr\u00f3ximos dias sejam concretizados&hellip;\n","protected":false},"author":2,"featured_media":171144,"comment_status":"","ping_status":"","sticky":false,"template":"","format":"standard","meta":{"footnotes":""},"categories":[50],"tags":[27,28,15,16,14,25,26,21,22,62,12,13,19,20,23,24,420,421,17,18,29,30,31,63,64,65],"class_list":{"0":"post-171143","1":"post","2":"type-post","3":"status-publish","4":"format-standard","5":"has-post-thumbnail","7":"category-mundo","8":"tag-breaking-news","9":"tag-breakingnews","10":"tag-featured-news","11":"tag-featurednews","12":"tag-headlines","13":"tag-latest-news","14":"tag-latestnews","15":"tag-main-news","16":"tag-mainnews","17":"tag-mundo","18":"tag-news","19":"tag-noticias","20":"tag-noticias-principais","21":"tag-noticiasprincipais","22":"tag-principais-noticias","23":"tag-principaisnoticias","24":"tag-rtp","25":"tag-rtp-noticias","26":"tag-top-stories","27":"tag-topstories","28":"tag-ultimas","29":"tag-ultimas-noticias","30":"tag-ultimasnoticias","31":"tag-world","32":"tag-world-news","33":"tag-worldnews"},"share_on_mastodon":{"url":"https:\/\/pubeurope.com\/@pt\/115641113854377011","error":""},"_links":{"self":[{"href":"https:\/\/www.europesays.com\/pt\/wp-json\/wp\/v2\/posts\/171143","targetHints":{"allow":["GET"]}}],"collection":[{"href":"https:\/\/www.europesays.com\/pt\/wp-json\/wp\/v2\/posts"}],"about":[{"href":"https:\/\/www.europesays.com\/pt\/wp-json\/wp\/v2\/types\/post"}],"author":[{"embeddable":true,"href":"https:\/\/www.europesays.com\/pt\/wp-json\/wp\/v2\/users\/2"}],"replies":[{"embeddable":true,"href":"https:\/\/www.europesays.com\/pt\/wp-json\/wp\/v2\/comments?post=171143"}],"version-history":[{"count":0,"href":"https:\/\/www.europesays.com\/pt\/wp-json\/wp\/v2\/posts\/171143\/revisions"}],"wp:featuredmedia":[{"embeddable":true,"href":"https:\/\/www.europesays.com\/pt\/wp-json\/wp\/v2\/media\/171144"}],"wp:attachment":[{"href":"https:\/\/www.europesays.com\/pt\/wp-json\/wp\/v2\/media?parent=171143"}],"wp:term":[{"taxonomy":"category","embeddable":true,"href":"https:\/\/www.europesays.com\/pt\/wp-json\/wp\/v2\/categories?post=171143"},{"taxonomy":"post_tag","embeddable":true,"href":"https:\/\/www.europesays.com\/pt\/wp-json\/wp\/v2\/tags?post=171143"}],"curies":[{"name":"wp","href":"https:\/\/api.w.org\/{rel}","templated":true}]}}