{"id":171145,"date":"2025-11-30T22:56:14","date_gmt":"2025-11-30T22:56:14","guid":{"rendered":"https:\/\/www.europesays.com\/pt\/171145\/"},"modified":"2025-11-30T22:56:14","modified_gmt":"2025-11-30T22:56:14","slug":"dgs-reforca-recomendacoes-para-a-saude-devido-ao-frio-nova-estirpe-da-gripe-preocupa-meteorologia","status":"publish","type":"post","link":"https:\/\/www.europesays.com\/pt\/171145\/","title":{"rendered":"DGS refor\u00e7a recomenda\u00e7\u00f5es para a sa\u00fade devido ao frio, nova estirpe da gripe preocupa | Meteorologia"},"content":{"rendered":"<p>A Direc\u00e7\u00e3o-Geral da Sa\u00fade (DGS) recomendou este domingo medidas preventivas face \u00e0s previs\u00f5es de tempo frio, em especial na regi\u00e3o Norte, recordando que h\u00e1 um aumento do risco de doen\u00e7as respirat\u00f3rias, agravamento de condi\u00e7\u00f5es cr\u00f3nicas e acidentes.<\/p>\n<p>Dando conta de que o Instituto Portugu\u00eas do Mar e da Atmosfera (IPMA) prev\u00ea para os pr\u00f3ximos dias tempo frio, com alguns distritos do Norte de Portugal continental a registarem temperaturas negativas, a DGS emitiu algumas recomenda\u00e7\u00f5es \u00e0 popula\u00e7\u00e3o para que se proteja dos efeitos negativos do frio na sa\u00fade.<\/p>\n<p>Entre as <a href=\"https:\/\/www.dgs.pt\/em-destaque\/cuidados-gerais-para-o-inverno-.aspx\" target=\"_blank\" rel=\"nofollow noopener\">recomenda\u00e7\u00f5es<\/a> est\u00e3o evitar exposi\u00e7\u00f5es prolongadas ao frio e mudan\u00e7as bruscas de temperatura, vestir por camadas, usar gorro, luvas e cachecol, tentar &#8220;n\u00e3o ficar sentado mais de uma hora seguida&#8221; quando se estiver em casa, beber \u00e1gua mesmo que n\u00e3o se tenha sede, consumir sopas e bebidas quentes, evitar \u00e1lcool, aumentar o consumo de alimentos ricos em vitaminas, sais minerais e antioxidantes (por exemplo, frutos e hort\u00edcolas), e evitar alimentos fritos, com muita gordura ou a\u00e7\u00facar.<\/p>\n<p>        &#13;<\/p>\n<p>&#13;<br \/>\n                &#13;\n            <\/p>\n<p>&#13;<\/p>\n<p>A DGS apela tamb\u00e9m a uma &#8220;aten\u00e7\u00e3o refor\u00e7ada com os mais vulner\u00e1veis&#8221; como crian\u00e7as pequenas, pessoas idosas, pessoas com doen\u00e7as cr\u00f3nicas, trabalhadores ao ar livre, pessoas em situa\u00e7\u00e3o de isolamento ou sem-abrigo, al\u00e9m de sugerir cuidados com a actividade no exterior, evitando-se esfor\u00e7os intensos no frio e usando roupa adequada.<\/p>\n<p>Outras das recomenda\u00e7\u00f5es s\u00e3o manter o aquecimento seguro em casa e a vacina\u00e7\u00e3o, <a href=\"https:\/\/www.publico.pt\/2025\/11\/25\/ciencia\/perguntaserespostas\/gripe-aumento-casos-estirpe-h3n2-reforca-necessidade-vacinacao-2155926\" rel=\"nofollow noopener\" target=\"_blank\">nomeadamente contra a gripe e a covid-19<\/a>.<\/p>\n<p>A DGS refere ainda que se deve ligar para o 112 quando se achar que algu\u00e9m pode estar com hipotermia, incluindo os sinais t\u00edpicos: tremores, respira\u00e7\u00e3o lenta, cansa\u00e7o ou confus\u00e3o e pele p\u00e1lida e fria.<\/p>\n<p>De acordo com o mais recente boletim de vigil\u00e2ncia da gripe do Instituto Nacional de Sa\u00fade doutor Ricardo Jorge (INSA), a \u00e9poca de gripe deste ano come\u00e7ou <a href=\"https:\/\/www.publico.pt\/2025\/11\/21\/sociedade\/noticia\/gripe-chegar-cedo-estirpe-causa-preocupacao-2155450\" rel=\"nofollow noopener\" target=\"_blank\">tr\u00eas a quatro semanas mais cedo <\/a>do que nos \u00faltimos dois anos. &#8220;Como \u00e9 habitual, a epidemiologia varia entre pa\u00edses, mas todos reportaram predomin\u00e2ncia da gripe A, com o A(H3N2) a impulsionar a tend\u00eancia de aumento nas \u00faltimas semanas&#8221;, l\u00ea-se no documento que lembra que &#8220;a circula\u00e7\u00e3o \u00e9 mais intensa nas crian\u00e7as entre os 5 e os 14 anos&#8221;.<\/p>\n<p>O boletim revela que &#8220;est\u00e3o a ser observados aumentos no n\u00famero de hospitaliza\u00e7\u00f5es em alguns pa\u00edses, afectando todas os grupos et\u00e1rios, mas principalmente os adultos com 65 anos ou mais&#8221;. Em causa est\u00e1 uma altera\u00e7\u00e3o do v\u00edrus A (H3N2), o subclade K, que est\u00e1 a emergir como dominante nalguns pa\u00edses, e n\u00e3o est\u00e1 contemplado nas vacinas, o que pode levar a um aumento da incid\u00eancia e press\u00e3o sobre os sistemas de sa\u00fade.<\/p>\n<p>O INSA lembra que a vacina\u00e7\u00e3o \u00e9 a medida mais eficaz para a protec\u00e7\u00e3o contra formas mais graves de doen\u00e7as virais respirat\u00f3rias e apela a que as pessoas eleg\u00edveis para <a href=\"https:\/\/www.publico.pt\/2025\/11\/20\/sociedade\/noticia\/governo-investe-sete-milhoes-vacinar-farmacias-adesao-diminuir-2155231\" rel=\"nofollow noopener\" target=\"_blank\">vacina\u00e7\u00e3o<\/a>, especialmente aquelas com maior risco de resultados graves, sejam vacinadas.<\/p>\n<p>A ministra da Sa\u00fade Ana Paula Martins admitiu que o Servi\u00e7o Nacional de Sa\u00fade (SNS) vai ser sujeito a \u201cuma press\u00e3o muito grande\u201d por causa da nova estirpe da gripe e alertou que o Inverno \u201cvai ser muito duro\u201d.<\/p>\n<p>As \u00e9pocas de frio e de calor excessivo est\u00e3o associadas a picos de mortalidade, seja pelas infec\u00e7\u00f5es respirat\u00f3rias, seja pela descompensa\u00e7\u00e3o de doen\u00e7as cr\u00f3nicas. Segundo dados do INSA, divulgados em Agosto, Portugal registou, em Janeiro deste ano, 1209 \u00f3bitos em excesso (acima do esperado).<\/p>\n","protected":false},"excerpt":{"rendered":"A Direc\u00e7\u00e3o-Geral da Sa\u00fade (DGS) recomendou este domingo medidas preventivas face \u00e0s previs\u00f5es de tempo frio, em especial&hellip;\n","protected":false},"author":2,"featured_media":171146,"comment_status":"","ping_status":"","sticky":false,"template":"","format":"standard","meta":{"footnotes":""},"categories":[8],"tags":[27,28,3708,15,16,9086,14,350,25,26,21,22,606,12,13,19,20,32,23,24,2376,33,117,58,17,18,29,30,31],"class_list":{"0":"post-171145","1":"post","2":"type-post","3":"status-publish","4":"format-standard","5":"has-post-thumbnail","7":"category-principais-noticias","8":"tag-breaking-news","9":"tag-breakingnews","10":"tag-dgs","11":"tag-featured-news","12":"tag-featurednews","13":"tag-frio","14":"tag-headlines","15":"tag-ipma","16":"tag-latest-news","17":"tag-latestnews","18":"tag-main-news","19":"tag-mainnews","20":"tag-meteorologia","21":"tag-news","22":"tag-noticias","23":"tag-noticias-principais","24":"tag-noticiasprincipais","25":"tag-portugal","26":"tag-principais-noticias","27":"tag-principaisnoticias","28":"tag-proteccao-civil","29":"tag-pt","30":"tag-saude","31":"tag-sociedade","32":"tag-top-stories","33":"tag-topstories","34":"tag-ultimas","35":"tag-ultimas-noticias","36":"tag-ultimasnoticias"},"share_on_mastodon":{"url":"https:\/\/pubeurope.com\/@pt\/115641122209652473","error":""},"_links":{"self":[{"href":"https:\/\/www.europesays.com\/pt\/wp-json\/wp\/v2\/posts\/171145","targetHints":{"allow":["GET"]}}],"collection":[{"href":"https:\/\/www.europesays.com\/pt\/wp-json\/wp\/v2\/posts"}],"about":[{"href":"https:\/\/www.europesays.com\/pt\/wp-json\/wp\/v2\/types\/post"}],"author":[{"embeddable":true,"href":"https:\/\/www.europesays.com\/pt\/wp-json\/wp\/v2\/users\/2"}],"replies":[{"embeddable":true,"href":"https:\/\/www.europesays.com\/pt\/wp-json\/wp\/v2\/comments?post=171145"}],"version-history":[{"count":0,"href":"https:\/\/www.europesays.com\/pt\/wp-json\/wp\/v2\/posts\/171145\/revisions"}],"wp:featuredmedia":[{"embeddable":true,"href":"https:\/\/www.europesays.com\/pt\/wp-json\/wp\/v2\/media\/171146"}],"wp:attachment":[{"href":"https:\/\/www.europesays.com\/pt\/wp-json\/wp\/v2\/media?parent=171145"}],"wp:term":[{"taxonomy":"category","embeddable":true,"href":"https:\/\/www.europesays.com\/pt\/wp-json\/wp\/v2\/categories?post=171145"},{"taxonomy":"post_tag","embeddable":true,"href":"https:\/\/www.europesays.com\/pt\/wp-json\/wp\/v2\/tags?post=171145"}],"curies":[{"name":"wp","href":"https:\/\/api.w.org\/{rel}","templated":true}]}}