{"id":171153,"date":"2025-11-30T23:05:25","date_gmt":"2025-11-30T23:05:25","guid":{"rendered":"https:\/\/www.europesays.com\/pt\/171153\/"},"modified":"2025-11-30T23:05:25","modified_gmt":"2025-11-30T23:05:25","slug":"oms-estima-353-milhoes-de-novos-casos-de-cancer-em-2050-al1-com-br","status":"publish","type":"post","link":"https:\/\/www.europesays.com\/pt\/171153\/","title":{"rendered":"OMS estima 35,3 milh\u00f5es de novos casos de c\u00e2ncer em 2050 &#8211; al1.com.br"},"content":{"rendered":"<ol>\n<li><a href=\"https:\/\/news.google.com\/rss\/articles\/CBMioAFBVV95cUxOQU1wZjdWYUlfSnZFOGxkSlRnOFdXbjNRQldPUFZ1OVN6bEoyRnJDbUJoSEhxT3VYNGFsSGZEbzlwam9NSnNYdlBybU10UERYTWtrSkk2YVFVNnB1VnRvZUNCaGNxUlBUNWhwZlFQa3lTc1JEUFYzNEpTODJYXzFtSGE5ZGFSbEVnWnU2Nm8wWlBMcHY4VEI0eHFycmdwWXBf?oc=5\" target=\"_blank\" rel=\"nofollow noopener\">OMS estima 35,3 milh\u00f5es de novos casos de c\u00e2ncer em 2050<\/a>&nbsp;&nbsp;al1.com.br<\/li>\n<li><a href=\"https:\/\/news.google.com\/rss\/articles\/CBMiugFBVV95cUxQQlowdzFxMnhQQzkwc2RlYmZCY2x5V0F6QTZ1NlZoS19wLUtuSmlhbG5JUVpyQmM1UlFnd0cwYzEzZHFlbUJjbndUQVpIa3VDZWZLV0VEOVY0UlUzdER6bDFyVlhLR2FRS0JVdkJUQ2V6bXIzaUJHaHJsTGp0S01UR05lQmx3LTliU2lNTW5QMUQ0Vl9GRUdtVG5ocnlobzZoVk9wMmVOTkFCXzFWdUlIcEsyRUlzQkRUblHSAb8BQVVfeXFMTm9pWUREYzQ2SVkzMjd6S19lVXNiUmNKSE1fYkhqR3JBR01fUThBRVFfN0hpUks5SWpRbk9pMGFXWVNBSDVjbDNVNEdydmZ3aFVuZ19oUjlydm5uRFYtWjJBWWlUTUNISEc4Nm9RVWR4MVZ1dmRLQWRiWE5qd1NUUHhNVVdvUUlGcUtCdElUN21xcmJPb2pVWHM5LVd5U0hud3FhUmQwWnFHNzVjTDlvbkliVVU1TmQ5SXozMGJqLWM?oc=5\" target=\"_blank\" rel=\"nofollow noopener\">35 milh\u00f5es de novos casos de c\u00e2ncer em 25 anos<\/a>&nbsp;&nbsp;jornalcruzeiro.com.br<\/li>\n<li><a href=\"https:\/\/news.google.com\/rss\/articles\/CBMinwFBVV95cUxPbkhuRnVWd010eW1OTnFJcUEwVERaTFFLY2dkSkp3S0duZFdUNzNhUHNsVDViLXc2RGNzVzJGNHp0bEgzNFIteFlQNC1RVC12bERBVjRoWlhsUy1zbHBEbloyc0wxV29CQUk4WWdXeHBaSVROMmJuZHgzVy1XSFV2LW9CckNCTE9Dc2dSb0hQZlFWLXFQTFNMbUIyM0RBQUE?oc=5\" target=\"_blank\" rel=\"nofollow noopener\">OMS alerta para aumento de quase 80% nos casos de c\u00e2ncer at\u00e9 2050<\/a>&nbsp;&nbsp;R\u00e1dio Itatiaia<\/li>\n<li><a href=\"https:\/\/news.google.com\/rss\/articles\/CBMisAFBVV95cUxOMWJzdEI4cWY3LVFmUWNaSmFReW5MQ0tSRXUtVTVud0tQMVNyWEdvclZPeWRNSjBaV0lnc1UtVnhTUC1oNzhkVVBVcmFWMnNUQUlEZVF4Y2NTRUVRa2xLYXdBaHFmZDlYZWhJY3NDZVNCWU92bVpBN2FWUVNuX1lmVGMzWHR1N3FFWFd2ZHFJbV9VZmJtTkhTS2s2ei0xUVRDNkZiU3htUDRzWlBsemZRZA?oc=5\" target=\"_blank\" rel=\"nofollow noopener\">O maior problema de sa\u00fade do pa\u00eds hoje, segundo ex-ministro de Lula | VEJA Gente<\/a>&nbsp;&nbsp;VEJA<\/li>\n<li><a href=\"https:\/\/news.google.com\/rss\/articles\/CBMirAFBVV95cUxOMlJhRGdGLTZHU19OVjN2U1MwVEMxR3ZPNU41WnFOdzZDOUtOQm1GdWlTX1Q3QmJEM3NNd0hlLTFtdHF2dXdkREtlLU9fQUFXSUV2YnZ4a1hReVFqLXRyXzJiV2FQa1pPWTFVNUZ6eFphU2M0cHBsQzBfNEJVcTRLSTVibmxXMGV0VlNpVFZBY2tsbjlxUDYyVmxxSjhYVHp4V0RTVG5YTGVKTkpw?oc=5\" target=\"_blank\" rel=\"nofollow noopener\">Semin\u00e1rio internacional no Rio de Janeiro marca Dia Nacional de Combate ao C\u00e2ncer<\/a>&nbsp;&nbsp;Ag\u00eancia Fiocruz de Not\u00edcias<\/li>\n<\/ol>\n","protected":false},"excerpt":{"rendered":"OMS estima 35,3 milh\u00f5es de novos casos de c\u00e2ncer em 2050&nbsp;&nbsp;al1.com.br 35 milh\u00f5es de novos casos de c\u00e2ncer&hellip;\n","protected":false},"author":2,"featured_media":171154,"comment_status":"","ping_status":"","sticky":false,"template":"","format":"standard","meta":{"footnotes":""},"categories":[86],"tags":[18788,18791,18790,116,18786,18785,18787,18789,32,33,117],"class_list":{"0":"post-171153","1":"post","2":"type-post","3":"status-publish","4":"format-standard","5":"has-post-thumbnail","7":"category-saude","8":"tag-al1","9":"tag-colunistas-de-alagoas","10":"tag-esporte-al","11":"tag-health","12":"tag-jornalismo-independente","13":"tag-noticias-de-alagoas","14":"tag-noticias-em-tempo-real","15":"tag-politica-em-alagoas","16":"tag-portugal","17":"tag-pt","18":"tag-saude"},"share_on_mastodon":{"url":"https:\/\/pubeurope.com\/@pt\/115641157474544500","error":""},"_links":{"self":[{"href":"https:\/\/www.europesays.com\/pt\/wp-json\/wp\/v2\/posts\/171153","targetHints":{"allow":["GET"]}}],"collection":[{"href":"https:\/\/www.europesays.com\/pt\/wp-json\/wp\/v2\/posts"}],"about":[{"href":"https:\/\/www.europesays.com\/pt\/wp-json\/wp\/v2\/types\/post"}],"author":[{"embeddable":true,"href":"https:\/\/www.europesays.com\/pt\/wp-json\/wp\/v2\/users\/2"}],"replies":[{"embeddable":true,"href":"https:\/\/www.europesays.com\/pt\/wp-json\/wp\/v2\/comments?post=171153"}],"version-history":[{"count":0,"href":"https:\/\/www.europesays.com\/pt\/wp-json\/wp\/v2\/posts\/171153\/revisions"}],"wp:featuredmedia":[{"embeddable":true,"href":"https:\/\/www.europesays.com\/pt\/wp-json\/wp\/v2\/media\/171154"}],"wp:attachment":[{"href":"https:\/\/www.europesays.com\/pt\/wp-json\/wp\/v2\/media?parent=171153"}],"wp:term":[{"taxonomy":"category","embeddable":true,"href":"https:\/\/www.europesays.com\/pt\/wp-json\/wp\/v2\/categories?post=171153"},{"taxonomy":"post_tag","embeddable":true,"href":"https:\/\/www.europesays.com\/pt\/wp-json\/wp\/v2\/tags?post=171153"}],"curies":[{"name":"wp","href":"https:\/\/api.w.org\/{rel}","templated":true}]}}