{"id":171161,"date":"2025-11-30T23:12:12","date_gmt":"2025-11-30T23:12:12","guid":{"rendered":"https:\/\/www.europesays.com\/pt\/171161\/"},"modified":"2025-11-30T23:12:12","modified_gmt":"2025-11-30T23:12:12","slug":"juliette-freire-exibe-boa-forma-em-dia-na-praia-com-o-noivo","status":"publish","type":"post","link":"https:\/\/www.europesays.com\/pt\/171161\/","title":{"rendered":"Juliette Freire exibe boa forma em dia na praia com o noivo"},"content":{"rendered":"<p>A ex-BBB e cantora <a href=\"https:\/\/caras.com.br\/tags\/juliette-freire\" rel=\"nofollow noopener\" target=\"_blank\"><strong>Juliette Freire<\/strong><\/a> aproveitou a tarde deste domingo, 30, em uma praia no Rio de Janeiro ao lado de seu noivo, <strong>Kaique Cerveny<\/strong>. Os dois foram flagrados pelos paparazzi enquanto relaxavam em um quiosque na praia da Barra da Tijuca.<\/p>\n<p>Para a ocasi\u00e3o, a musa exibiu sua boa forma ao usar biqu\u00edni com mi\u00e7angas. Al\u00e9m disso, ela esbanjou simpatia ao tirar fotos com os f\u00e3s que a reconheceram no local.<\/p>\n<p> Veja as fotos: <img loading=\"lazy\" decoding=\"async\" class=\"wp-image-1037782 size-full img-fluid lazy\" alt=\"Juliette Freire curte dia na praia com o noivo - Foto: Fabr\u00edcio Pioyani \/ Agnews\" width=\"1710\" height=\"2545\" src=\"https:\/\/www.europesays.com\/pt\/wp-content\/uploads\/2025\/11\/Juliette-01.jpg\"  \/>Juliette Freire curte dia na praia com o noivo \u2013 Foto: Fabr\u00edcio Pioyani \/ Agnews <img loading=\"lazy\" decoding=\"async\" class=\"wp-image-1037783 size-full img-fluid lazy\" alt=\"Juliette Freire curte dia na praia com o noivo - Foto: Fabr\u00edcio Pioyani \/ Agnews\" width=\"1490\" height=\"2229\" src=\"https:\/\/www.europesays.com\/pt\/wp-content\/uploads\/2025\/11\/Juliette-10.jpg\"  \/>Juliette Freire curte dia na praia com o noivo \u2013 Foto: Fabr\u00edcio Pioyani \/ Agnews <img loading=\"lazy\" decoding=\"async\" class=\"wp-image-1037784 size-full img-fluid lazy\" alt=\"Juliette Freire curte dia na praia com o noivo - Foto: Fabr\u00edcio Pioyani \/ Agnews\" width=\"1778\" height=\"2560\" src=\"https:\/\/www.europesays.com\/pt\/wp-content\/uploads\/2025\/11\/Juliette-18-scaled.jpg\"  \/>Juliette Freire curte dia na praia com o noivo \u2013 Foto: Fabr\u00edcio Pioyani \/ Agnews <\/p>\n<blockquote class=\"instagram-media\" style=\"background: #FFF; border: 0; border-radius: 3px; box-shadow: 0 0 1px 0 rgba(0,0,0,0.5),0 1px 10px 0 rgba(0,0,0,0.15); margin: 1px; max-width: 540px; min-width: 326px; padding: 0; width: calc(100% - 2px);\" data-instgrm-captioned=\"\" data-instgrm-permalink=\"https:\/\/www.instagram.com\/p\/DRsREmVD3Vp\/?utm_source=ig_embed&amp;utm_campaign=loading\" data-instgrm-version=\"14\"><\/blockquote>\n<p>  O noivado de Juliette e Kaique <\/p>\n<p>A cantora Juliette Freire est\u00e1 noiva! O pedido de casamento aconteceu de forma emocionante e totalmente inesperada, durante a celebra\u00e7\u00e3o de seu anivers\u00e1rio, no in\u00edcio de dezembro de 2024.<\/p>\n<p>O atleta de crossfit Kaique Cerveny, namorado de Juliette, preparou o momento especial em um evento \u00edntimo, na presen\u00e7a de amigos e familiares. O ponto alto da noite foi quando ele pegou o microfone em meio aos brindes de parab\u00e9ns e, visivelmente emocionado, fez o pedido.<\/p>\n<p>O discurso de Kaique revelou a intimidade do casal. Ele fez quest\u00e3o de, primeiramente, pedir a ben\u00e7\u00e3o de F\u00e1tima Freire, m\u00e3e de Juliette. \u201cDona F\u00e1tima, eu queria pedir, mais uma vez, a sua autoriza\u00e7\u00e3o para pedir essa mulher maravilhosa em casamento\u201d, declarou o noivo, que j\u00e1 tinha tido um momento mais reservado com a amada antes, mas fez quest\u00e3o de formalizar o compromisso diante de todos. Dona F\u00e1tima respondeu prontamente com um \u201cCom certeza!\u201d, selando a aprova\u00e7\u00e3o da fam\u00edlia e aumentando a emo\u00e7\u00e3o do momento. Juliette aceitou a proposta e exibiu a joia com um sorriso.<\/p>\n<p> Detalhes do anel de noivado <\/p>\n<p>O anel de noivado de Juliette, rapidamente exibido nas redes sociais, gerou curiosidade. A pe\u00e7a, um cl\u00e1ssico solit\u00e1rio de diamante, \u00e9 da renomada joalheria Tiffany &amp; Co.<\/p>\n<p>Inicialmente, surgiram rumores de que o anel seria de turmalina, mas Juliette logo desmentiu a informa\u00e7\u00e3o em seus Stories do Instagram. \u201cGente, de onde tiraram que o meu anel \u00e9 de turmalina, hein? N\u00e3o \u00e9, n\u00e3o, minha gente! \u00c9 diamante normal, branco\u201d, esclareceu a artista, de forma bem-humorada.<\/p>\n<p>\t O romance de Juliette e Kaique <\/p>\n<p>A rela\u00e7\u00e3o de Juliette e Kaique Cerveny come\u00e7ou de forma reservada. O casal come\u00e7ou a se envolver em abril de 2023, mas a campe\u00e3 do Big Brother Brasil 21 optou por manter a discri\u00e7\u00e3o no in\u00edcio, assumindo o namoro publicamente apenas meses depois, em setembro do mesmo ano, ap\u00f3s cerca de oito meses de relacionamento.<\/p>\n<p><strong>Leia tamb\u00e9m<\/strong>: <a href=\"https:\/\/caras.com.br\/beleza\/juliette-aparece-com-o-rosto-inchado-apos-tratamento-estetico.phtml\" rel=\"nofollow noopener\" target=\"_blank\">Juliette aparece com o rosto inchado ap\u00f3s tratamento est\u00e9tico<\/a><\/p>\n<p>        <a href=\"https:\/\/caras.com.br\/autor\/priscilla-comoti\" rel=\"nofollow noopener\" target=\"_blank\">&#13;<br \/>\n          <img alt=\"Priscilla Comoti\" src=\"https:\/\/www.europesays.com\/pt\/wp-content\/uploads\/2025\/11\/1764544332_463_e53883bdf02c542f6517b68879e8cb08b27a1d55c4dfd53577e47d3ab6331a06\"  class=\"avatar avatar-115 photo rounded-circle mr-3\" height=\"115\" width=\"115\" loading=\"lazy\" decoding=\"async\"\/>        <\/a><\/p>\n<p>Priscilla Comoti \u00e9 editora de conte\u00fado do site CARAS. Ela \u00e9 formada em jornalismo e em audiovisual, j\u00e1 passou pelos sites Contigo!, Minha Novela, TiTiTi, Mais Novela e Portal M\u00e1rcia Piovesan. Escreve sobre celebridades, not\u00edcias sobre a fam\u00edlia real brit\u00e2nica, TV, reality show e novelas.<\/p>\n<p>\t                                            <script async src=\"\/\/www.instagram.com\/embed.js\"><\/script><\/p>\n","protected":false},"excerpt":{"rendered":"A ex-BBB e cantora Juliette Freire aproveitou a tarde deste domingo, 30, em uma praia no Rio de&hellip;\n","protected":false},"author":2,"featured_media":171162,"comment_status":"","ping_status":"","sticky":false,"template":"","format":"standard","meta":{"footnotes":""},"categories":[145],"tags":[211,210,114,115,8309,8266,32,80,33],"class_list":{"0":"post-171161","1":"post","2":"type-post","3":"status-publish","4":"format-standard","5":"has-post-thumbnail","7":"category-celebridades","8":"tag-celebridades","9":"tag-celebrities","10":"tag-entertainment","11":"tag-entretenimento","12":"tag-juliette","13":"tag-juliette-freire","14":"tag-portugal","15":"tag-praia","16":"tag-pt"},"share_on_mastodon":{"url":"https:\/\/pubeurope.com\/@pt\/115641184945656090","error":""},"_links":{"self":[{"href":"https:\/\/www.europesays.com\/pt\/wp-json\/wp\/v2\/posts\/171161","targetHints":{"allow":["GET"]}}],"collection":[{"href":"https:\/\/www.europesays.com\/pt\/wp-json\/wp\/v2\/posts"}],"about":[{"href":"https:\/\/www.europesays.com\/pt\/wp-json\/wp\/v2\/types\/post"}],"author":[{"embeddable":true,"href":"https:\/\/www.europesays.com\/pt\/wp-json\/wp\/v2\/users\/2"}],"replies":[{"embeddable":true,"href":"https:\/\/www.europesays.com\/pt\/wp-json\/wp\/v2\/comments?post=171161"}],"version-history":[{"count":0,"href":"https:\/\/www.europesays.com\/pt\/wp-json\/wp\/v2\/posts\/171161\/revisions"}],"wp:featuredmedia":[{"embeddable":true,"href":"https:\/\/www.europesays.com\/pt\/wp-json\/wp\/v2\/media\/171162"}],"wp:attachment":[{"href":"https:\/\/www.europesays.com\/pt\/wp-json\/wp\/v2\/media?parent=171161"}],"wp:term":[{"taxonomy":"category","embeddable":true,"href":"https:\/\/www.europesays.com\/pt\/wp-json\/wp\/v2\/categories?post=171161"},{"taxonomy":"post_tag","embeddable":true,"href":"https:\/\/www.europesays.com\/pt\/wp-json\/wp\/v2\/tags?post=171161"}],"curies":[{"name":"wp","href":"https:\/\/api.w.org\/{rel}","templated":true}]}}