{"id":171163,"date":"2025-11-30T23:15:30","date_gmt":"2025-11-30T23:15:30","guid":{"rendered":"https:\/\/www.europesays.com\/pt\/171163\/"},"modified":"2025-11-30T23:15:30","modified_gmt":"2025-11-30T23:15:30","slug":"tony-tornado-e-cotado-para-proxima-novela-das-21h","status":"publish","type":"post","link":"https:\/\/www.europesays.com\/pt\/171163\/","title":{"rendered":"Tony Tornado \u00e9 cotado para pr\u00f3xima novela das 21h"},"content":{"rendered":"<p>O ator <strong>Tony Tornado<\/strong>, que tem se destacado como <strong>L\u00facio <\/strong>em <strong>\u00cata Mundo Melhor!<\/strong>, voltou a entrar na mira de <strong>Walcyr Carrasco<\/strong>. O ator de 95 j\u00e1 est\u00e1 cotado para integrar o elenco de\u00a0<strong>Quem Ama Cuida<\/strong>, que\u00a0substituir\u00e1 <strong>Tr\u00eas Gra\u00e7as<\/strong> na faixa das 21h da <strong>TV Globo<\/strong>, a partir do dia 18 de maio.<\/p>\n<p>Al\u00e9m do veterano, outros artista do elenco da trama escrita por\u00a0<strong>Carrasco <\/strong>e\u00a0<strong>Mauro Wilson <\/strong>est\u00e3o confirmados na produ\u00e7\u00e3o, dentre eles\u00a0<strong>Jennifer Nascimento, S\u00e9rgio Guiz\u00e9, Rainer Cadete e Bianca Bin<\/strong>. A atriz\u00a0<strong>Tata Werneck\u00a0<\/strong>tamb\u00e9m est\u00e1 cotada para\u00a0<strong>Quem Ama Cuida<\/strong>.<\/p>\n<p>A novela conta a hist\u00f3ria de <strong>Artur<\/strong>, um rico dono de joalheria que, cansado de sustentar os irm\u00e3os, a vil\u00e3\u00a0<strong>Pilar (Isabel Teixeira) <\/strong>e<strong> Ulisses<\/strong>, decide que sua fortuna deve ser herdada por uma pessoa honesta e batalhadoraa. A pessoa escolhida ser\u00e1 <strong>Adriana (Leticia Colin)<\/strong>, uma mulher humilde que trabalha para ele.<\/p>\n<p><strong>Artur<\/strong>, ent\u00e3o, decide se casar com a mo\u00e7a, no entanto, pouco depois de oficializar a uni\u00e3o, ele \u00e9 assassinado e Adriana \u00e9 culpada e presa injustamente. Anos depois,\u00a0<strong>Adriana\u00a0<\/strong>tenta retomar a sua vida e trilha uma jornada para se vingar de quem a prejudicou.<\/p>\n<p>\u00a0<\/p>\n","protected":false},"excerpt":{"rendered":"O ator Tony Tornado, que tem se destacado como L\u00facio em \u00cata Mundo Melhor!, voltou a entrar na&hellip;\n","protected":false},"author":2,"featured_media":171164,"comment_status":"","ping_status":"","sticky":false,"template":"","format":"standard","meta":{"footnotes":""},"categories":[142],"tags":[114,115,3378,32,33,35878,17287,151,6903],"class_list":{"0":"post-171163","1":"post","2":"type-post","3":"status-publish","4":"format-standard","5":"has-post-thumbnail","7":"category-tv","8":"tag-entertainment","9":"tag-entretenimento","10":"tag-eta-mundo-melhor","11":"tag-portugal","12":"tag-pt","13":"tag-quem-ama-cuida","14":"tag-tony-tornado","15":"tag-tv","16":"tag-walcyr-carrasco"},"share_on_mastodon":{"url":"https:\/\/pubeurope.com\/@pt\/115641196443649291","error":""},"_links":{"self":[{"href":"https:\/\/www.europesays.com\/pt\/wp-json\/wp\/v2\/posts\/171163","targetHints":{"allow":["GET"]}}],"collection":[{"href":"https:\/\/www.europesays.com\/pt\/wp-json\/wp\/v2\/posts"}],"about":[{"href":"https:\/\/www.europesays.com\/pt\/wp-json\/wp\/v2\/types\/post"}],"author":[{"embeddable":true,"href":"https:\/\/www.europesays.com\/pt\/wp-json\/wp\/v2\/users\/2"}],"replies":[{"embeddable":true,"href":"https:\/\/www.europesays.com\/pt\/wp-json\/wp\/v2\/comments?post=171163"}],"version-history":[{"count":0,"href":"https:\/\/www.europesays.com\/pt\/wp-json\/wp\/v2\/posts\/171163\/revisions"}],"wp:featuredmedia":[{"embeddable":true,"href":"https:\/\/www.europesays.com\/pt\/wp-json\/wp\/v2\/media\/171164"}],"wp:attachment":[{"href":"https:\/\/www.europesays.com\/pt\/wp-json\/wp\/v2\/media?parent=171163"}],"wp:term":[{"taxonomy":"category","embeddable":true,"href":"https:\/\/www.europesays.com\/pt\/wp-json\/wp\/v2\/categories?post=171163"},{"taxonomy":"post_tag","embeddable":true,"href":"https:\/\/www.europesays.com\/pt\/wp-json\/wp\/v2\/tags?post=171163"}],"curies":[{"name":"wp","href":"https:\/\/api.w.org\/{rel}","templated":true}]}}