{"id":17117,"date":"2025-08-05T14:03:07","date_gmt":"2025-08-05T14:03:07","guid":{"rendered":"https:\/\/www.europesays.com\/pt\/17117\/"},"modified":"2025-08-05T14:03:07","modified_gmt":"2025-08-05T14:03:07","slug":"terry-reid-cantor-que-recusou-led-zeppelin-e-deep-purple-morre-aos-75-anos","status":"publish","type":"post","link":"https:\/\/www.europesays.com\/pt\/17117\/","title":{"rendered":"Terry Reid, cantor que recusou Led Zeppelin e Deep Purple, morre aos 75 anos"},"content":{"rendered":"\n<p>Morreu aos 75 anos o cantor <strong><a href=\"https:\/\/igormiranda.com.br\/tag\/terry-reid\/\" target=\"_blank\" rel=\"noreferrer noopener nofollow\">Terry Reid<\/a><\/strong>. Al\u00e9m de seu trabalho solo composto por sete \u00e1lbuns de est\u00fadio e de bastante notoriedade no fim da d\u00e9cada de 1960, o artista apelidado de <strong>\u201cSuperlungs\u201d<\/strong> (\u201cSuperpulm\u00f5es\u201d) se notabilizou por ter recusado convites para entrar no <strong><a href=\"https:\/\/igormiranda.com.br\/tag\/led-zeppelin\/\" target=\"_blank\" rel=\"noreferrer noopener nofollow\">Led Zeppelin<\/a><\/strong> \u2014 inclusive indicando <strong>Robert Plant<\/strong> para a vaga \u2014 e <strong><a href=\"https:\/\/igormiranda.com.br\/tag\/deep-purple\/\" target=\"_blank\" rel=\"noreferrer noopener nofollow\">Deep Purple<\/a><\/strong>.<\/p>\n<p>A informa\u00e7\u00e3o foi compartilhada pelo guitarrista <strong>Joe Bonamassa<\/strong> em suas redes sociais. Na publica\u00e7\u00e3o, o m\u00fasico <a href=\"https:\/\/www.instagram.com\/p\/DM9gRWkuWN9\/\" target=\"_blank\" rel=\"noreferrer noopener nofollow\">afirma<\/a>:<\/p>\n<p>&#8211; Advertisement &#8211;<\/p>\n<p>\u201cAdeus, meu amigo. Foi uma honra conhec\u00ea-lo como amigo e meu mentor musical. Sentirei falta dos nossos encontros e hist\u00f3rias em Palm Springs. Um dos maiores que j\u00e1 fez isso, uma pessoa e uma alma lindas. Descanse em paz, Terry Reid. Meus mais profundos p\u00easames \u00e0 fam\u00edlia neste dia terr\u00edvel.\u201d<\/p>\n<blockquote class=\"instagram-media\" data-instgrm-captioned=\"\" data-instgrm-permalink=\"https:\/\/www.instagram.com\/p\/DM9gRWkuWN9\/?utm_source=ig_embed&amp;utm_campaign=loading\" data-instgrm-version=\"14\" style=\"background:#FFF; border:0; border-radius:3px; box-shadow:0 0 1px 0 rgba(0,0,0,0.5),0 1px 10px 0 rgba(0,0,0,0.15); margin: 1px; max-width:540px; min-width:326px; padding:0; width:99.375%; width:-webkit-calc(100% - 2px); width:calc(100% - 2px);\"><\/blockquote>\n<p>A causa n\u00e3o foi informada. Sabe-se, contudo, que Reid lutava contra um c\u00e2ncer em regi\u00e3o do corpo n\u00e3o especificada.<\/p>\n<p>No in\u00edcio de julho, o brit\u00e2nico chegou a adiar uma s\u00e9rie de apresenta\u00e7\u00f5es que aconteceriam na Europa entre setembro e outubro. Em comunicado, ele revelou que tomou a decis\u00e3o de suspender os compromissos \u201cdevido a problemas m\u00e9dicos decorrentes do tratamento recente contra um c\u00e2ncer\u201d.<\/p>\n<p>Angela Bruyere, grande amiga do m\u00fasico, criou uma campanha no site <a href=\"https:\/\/www.gofundme.com\/f\/help-support-terry-reids-brave-health-battle\" target=\"_blank\" rel=\"noreferrer noopener nofollow\">GoFundMe<\/a> para ajud\u00e1-lo a custear as despesas com o tratamento. A iniciativa rendeu 317 doa\u00e7\u00f5es e US$ 46,9 mil (cerca de R$ 258 mil na cota\u00e7\u00e3o atual e em transa\u00e7\u00e3o direta).<\/p>\n<p> Sobre Terry Reid <\/p>\n<p>Terry Reid nasceu em 13 de novembro de 1949, em Huntingdon, na Inglaterra, onde come\u00e7ou seu percurso pela m\u00fasica com apresenta\u00e7\u00f5es em pequenas casas noturnas. Em 1966, sua sorte mudou quando a banda da qual fazia parte na \u00e9poca, <strong>The Jaywalkers<\/strong>, foi convidada para abrir os shows de uma turn\u00ea nacional dos <strong>Rolling Stones<\/strong>.<\/p>\n<p>Indicado por Graham Nash, ent\u00e3o membro do <strong>The Hollies<\/strong>, o grupo lan\u00e7ou um single de relativo sucesso, <strong>\u201cThe Hand Don\u2019t Fit the Glove\u201d<\/strong>, em 1967, antes de se separar. Foi a partir da\u00ed que come\u00e7ou a carreira solo de Terry, junto do organista <strong>Peter Solley<\/strong> e do baterista <strong>Keith Webb<\/strong>, com quem formou um trio.<\/p>\n<p>O \u00e1lbum <strong>\u201cBang Bang, You\u2019re Terry Reid\u201d <\/strong>foi lan\u00e7ado em 1968 e conquistou relativa notoriedade com o single <strong>\u201cBetter By Far\u201d<\/strong>. Ainda naquele ano, o artista abriu shows do <strong>Cream<\/strong> e foi chamado para fazer outra turn\u00ea com os Rolling Stones, agora como um ato solo, chamando a aten\u00e7\u00e3o de <strong>Jimmy Page<\/strong>.<\/p>\n<p>Page chamou Reid para integrar o <strong>New Yardbirds<\/strong>, mas o cantor hesitou, devido aos compromissos na estrada, e indicou <strong>Robert Plant<\/strong>. J\u00e1 em 1969, <strong>Ritchie Blackmore<\/strong> foi atr\u00e1s de Reid ao tomar nota de seu bom trabalho para que fizesse parte do <strong>Deep Purple<\/strong>, proposta que tamb\u00e9m recusou.\u00a0<\/p>\n<p>Cada vez mais pr\u00f3ximo da soul music e de outros g\u00eaneros fora do rock, o cantor chegou a colaborar com artistas como <strong>Mick Taylor<\/strong>, <strong>Don Henley<\/strong>, <strong>Marianne Faithfull<\/strong>, <strong>Bonnie Raitt<\/strong> e <strong>Joe Perry<\/strong>, entre muitos outros \u2013 na maioria das vezes, como m\u00fasico de est\u00fadio. Lan\u00e7ou tr\u00eas \u00e1lbuns na d\u00e9cada de 1970, embora tenha desacelerado sua carreira a partir da\u00ed.<\/p>\n<p>O vocalista tamb\u00e9m teve contato direto com o mundo cinematogr\u00e1fico. Algumas de suas colabora\u00e7\u00f5es nesse nicho incluem filmes de <strong>Rob Zombie<\/strong> e grava\u00e7\u00f5es para a trilha sonora de <strong>\u201cDias de Trov\u00e3o\u201d<\/strong> (1990), com <strong>Tom Cruise<\/strong>.<\/p>\n<p><strong>Clique<\/strong> para seguir IgorMiranda.com.br no: <a href=\"https:\/\/instagram.com\/igormirandasite\" target=\"_blank\" rel=\"noreferrer noopener nofollow\">Instagram<\/a> | <a href=\"https:\/\/bsky.app\/profile\/igormirandasite.bsky.social\" target=\"_blank\" rel=\"noreferrer noopener nofollow\">Bluesky<\/a> | <a href=\"https:\/\/twitter.com\/igormirandasite\" target=\"_blank\" rel=\"noreferrer noopener nofollow\">Twitter<\/a> | <a href=\"https:\/\/tiktok.com\/@igormirandasite\" target=\"_blank\" rel=\"noreferrer noopener nofollow\">TikTok<\/a> | <a href=\"https:\/\/facebook.com\/igormirandasite\" target=\"_blank\" rel=\"noreferrer noopener nofollow\">Facebook<\/a> | <a href=\"https:\/\/www.youtube.com\/igormirandasite\" target=\"_blank\" rel=\"noreferrer noopener nofollow\">YouTube<\/a> | <a href=\"https:\/\/www.threads.net\/@igormirandasite\" target=\"_blank\" rel=\"noreferrer noopener nofollow\">Threads<\/a>.<\/p>\n<p> <script async src=\"https:\/\/platform.twitter.com\/widgets.js\" charset=\"utf-8\"><\/script><script async src=\"\/\/www.instagram.com\/embed.js\"><\/script><script async src=\"\/\/www.tiktok.com\/embed.js\"><\/script><\/p>\n","protected":false},"excerpt":{"rendered":"Morreu aos 75 anos o cantor Terry Reid. Al\u00e9m de seu trabalho solo composto por sete \u00e1lbuns de&hellip;\n","protected":false},"author":2,"featured_media":17118,"comment_status":"","ping_status":"","sticky":false,"template":"","format":"standard","meta":{"footnotes":""},"categories":[141],"tags":[4725,114,115,1729,149,150,1535,32,33,6471],"class_list":{"0":"post-17117","1":"post","2":"type-post","3":"status-publish","4":"format-standard","5":"has-post-thumbnail","7":"category-musica","8":"tag-deep-purple","9":"tag-entertainment","10":"tag-entretenimento","11":"tag-led-zeppelin","12":"tag-music","13":"tag-musica","14":"tag-obituario","15":"tag-portugal","16":"tag-pt","17":"tag-terry-reid"},"share_on_mastodon":{"url":"","error":""},"_links":{"self":[{"href":"https:\/\/www.europesays.com\/pt\/wp-json\/wp\/v2\/posts\/17117","targetHints":{"allow":["GET"]}}],"collection":[{"href":"https:\/\/www.europesays.com\/pt\/wp-json\/wp\/v2\/posts"}],"about":[{"href":"https:\/\/www.europesays.com\/pt\/wp-json\/wp\/v2\/types\/post"}],"author":[{"embeddable":true,"href":"https:\/\/www.europesays.com\/pt\/wp-json\/wp\/v2\/users\/2"}],"replies":[{"embeddable":true,"href":"https:\/\/www.europesays.com\/pt\/wp-json\/wp\/v2\/comments?post=17117"}],"version-history":[{"count":0,"href":"https:\/\/www.europesays.com\/pt\/wp-json\/wp\/v2\/posts\/17117\/revisions"}],"wp:featuredmedia":[{"embeddable":true,"href":"https:\/\/www.europesays.com\/pt\/wp-json\/wp\/v2\/media\/17118"}],"wp:attachment":[{"href":"https:\/\/www.europesays.com\/pt\/wp-json\/wp\/v2\/media?parent=17117"}],"wp:term":[{"taxonomy":"category","embeddable":true,"href":"https:\/\/www.europesays.com\/pt\/wp-json\/wp\/v2\/categories?post=17117"},{"taxonomy":"post_tag","embeddable":true,"href":"https:\/\/www.europesays.com\/pt\/wp-json\/wp\/v2\/tags?post=17117"}],"curies":[{"name":"wp","href":"https:\/\/api.w.org\/{rel}","templated":true}]}}