{"id":171173,"date":"2025-11-30T23:23:09","date_gmt":"2025-11-30T23:23:09","guid":{"rendered":"https:\/\/www.europesays.com\/pt\/171173\/"},"modified":"2025-11-30T23:23:09","modified_gmt":"2025-11-30T23:23:09","slug":"fundador-da-dignitas-que-auxilia-suicidios-escolheu-essa-forma-de-morrer-eutanasia","status":"publish","type":"post","link":"https:\/\/www.europesays.com\/pt\/171173\/","title":{"rendered":"Fundador da Dignitas, que auxilia suic\u00eddios, escolheu essa forma de morrer | Eutan\u00e1sia"},"content":{"rendered":"<p>Ludwig Minelli, fundador da Dignitas \u2014 organiza\u00e7\u00e3o su\u00ed\u00e7a que defende a autodetermina\u00e7\u00e3o na morte e o suic\u00eddio assistido \u2014 morreu no s\u00e1bado, dia 29 de Novembro, dias antes de completar 93 anos, recorrendo \u00e0 \u201cmorte assistida volunt\u00e1ria\u201d, anunciou a pr\u00f3pria associa\u00e7\u00e3o, em <a href=\"https:\/\/dignitas.ch\/en\/news\/passing-of-a-pioneer-and-warrior\/\" target=\"_blank\" rel=\"nofollow noopener\">comunicado<\/a>.<\/p>\n<p>A Dignitas lamenta a morte do seu fundador e secret\u00e1rio-geral, garantindo que \u201ca equipa continuar\u00e1 a gerir e a desenvolver a associa\u00e7\u00e3o no esp\u00edrito do seu fundador, mantendo o compromisso com a autodetermina\u00e7\u00e3o e a liberdade de escolha na vida e no fim da vida.\u201d<\/p>\n<p>Nascido a 5 de Dezembro de 1932, Ludwig A. Minelli iniciou a carreira como jornalista, posteriormente formando-se em Direito. Minelli enfrentou diversos desafios jur\u00eddicos ao longo do seu percurso profissional, alcan\u00e7ando vit\u00f3rias significativas no Tribunal Federal su\u00ed\u00e7o e no Tribunal Europeu de Direitos Humanos (TEDH). De acordo com a Dignitas, a sua actua\u00e7\u00e3o teve um impacto duradouro na legisla\u00e7\u00e3o su\u00ed\u00e7a, incluindo o marco de 2011, quando o TEDH confirmou o direito de cada pessoa decidir sobre o momento e a forma do seu pr\u00f3prio fim de vida.<\/p>\n<p>Foi a 17 de Maio de 1998 que Minelli fundou a organiza\u00e7\u00e3o sem fins lucrativos Dignitas \u2013 Viver com Dignidade, Morrer com Dignidade \u2013 cujo objectivo era defender a autodetermina\u00e7\u00e3o no fim da vida e oferecer caminhos seguros a quem os procurava.<\/p>\n<p>Na Su\u00ed\u00e7a, a eutan\u00e1sia \u00e9 proibida, mas o suic\u00eddio assistido \u2013 no qual \u00e9 o pr\u00f3prio paciente a tomar o f\u00e1rmaco letal, com supervis\u00e3o profissional \u2013 \u00e9 legal h\u00e1 v\u00e1rias d\u00e9cadas.<\/p>\n<p>        &#13;<\/p>\n<p>&#13;<br \/>\n                &#13;\n            <\/p>\n<p>&#13;<\/p>\n<p>Em Portugal, apesar de sucessivas tentativas legislativas, a <a href=\"https:\/\/www.publico.pt\/2025\/08\/04\/politica\/noticia\/decisoes-constitucional-marcelo-5-tribunal-5-2142505?ref=eutanasia&amp;cx=page__content\" rel=\"nofollow noopener\" target=\"_blank\">lei da eutan\u00e1sia<\/a> e do suic\u00eddio assistido ainda n\u00e3o entrou em vigor. O Tribunal Constitucional identificou tr\u00eas inconstitucionalidades no diploma aprovado h\u00e1 quase dois anos, e a regulamenta\u00e7\u00e3o necess\u00e1ria para a sua aplica\u00e7\u00e3o nunca foi implementada.<\/p>\n<p>Nos \u00faltimos 16 anos, <a href=\"https:\/\/www.publico.pt\/2025\/04\/13\/sociedade\/noticia\/sao-57-portugueses-inscritos-dignitas-associacao-presta-assistencia-morte-2129107\" rel=\"nofollow noopener\" target=\"_blank\">pelo menos 12 portugueses<\/a> recorreram \u00e0 Dignitas para concretizar um suic\u00eddio assistido na Su\u00ed\u00e7a. Segundo dados recentes, existem 57 portugueses inscritos como membros da associa\u00e7\u00e3o, uma das quatro entidades que prestam este tipo de assist\u00eancia no pa\u00eds. Desde que come\u00e7ou a operar, em Maio de 1998, a Dignitas acompanhou 4196 pessoas no processo de morte assistida.<\/p>\n","protected":false},"excerpt":{"rendered":"Ludwig Minelli, fundador da Dignitas \u2014 organiza\u00e7\u00e3o su\u00ed\u00e7a que defende a autodetermina\u00e7\u00e3o na morte e o suic\u00eddio assistido&hellip;\n","protected":false},"author":2,"featured_media":171174,"comment_status":"","ping_status":"","sticky":false,"template":"","format":"standard","meta":{"footnotes":""},"categories":[50],"tags":[27,28,35879,15,16,14,25,26,21,22,1437,62,12,13,19,20,23,24,117,5697,17,18,29,30,31,63,64,65],"class_list":{"0":"post-171173","1":"post","2":"type-post","3":"status-publish","4":"format-standard","5":"has-post-thumbnail","7":"category-mundo","8":"tag-breaking-news","9":"tag-breakingnews","10":"tag-eutanasia","11":"tag-featured-news","12":"tag-featurednews","13":"tag-headlines","14":"tag-latest-news","15":"tag-latestnews","16":"tag-main-news","17":"tag-mainnews","18":"tag-morte","19":"tag-mundo","20":"tag-news","21":"tag-noticias","22":"tag-noticias-principais","23":"tag-noticiasprincipais","24":"tag-principais-noticias","25":"tag-principaisnoticias","26":"tag-saude","27":"tag-suica","28":"tag-top-stories","29":"tag-topstories","30":"tag-ultimas","31":"tag-ultimas-noticias","32":"tag-ultimasnoticias","33":"tag-world","34":"tag-world-news","35":"tag-worldnews"},"share_on_mastodon":{"url":"https:\/\/pubeurope.com\/@pt\/115641227859099034","error":""},"_links":{"self":[{"href":"https:\/\/www.europesays.com\/pt\/wp-json\/wp\/v2\/posts\/171173","targetHints":{"allow":["GET"]}}],"collection":[{"href":"https:\/\/www.europesays.com\/pt\/wp-json\/wp\/v2\/posts"}],"about":[{"href":"https:\/\/www.europesays.com\/pt\/wp-json\/wp\/v2\/types\/post"}],"author":[{"embeddable":true,"href":"https:\/\/www.europesays.com\/pt\/wp-json\/wp\/v2\/users\/2"}],"replies":[{"embeddable":true,"href":"https:\/\/www.europesays.com\/pt\/wp-json\/wp\/v2\/comments?post=171173"}],"version-history":[{"count":0,"href":"https:\/\/www.europesays.com\/pt\/wp-json\/wp\/v2\/posts\/171173\/revisions"}],"wp:featuredmedia":[{"embeddable":true,"href":"https:\/\/www.europesays.com\/pt\/wp-json\/wp\/v2\/media\/171174"}],"wp:attachment":[{"href":"https:\/\/www.europesays.com\/pt\/wp-json\/wp\/v2\/media?parent=171173"}],"wp:term":[{"taxonomy":"category","embeddable":true,"href":"https:\/\/www.europesays.com\/pt\/wp-json\/wp\/v2\/categories?post=171173"},{"taxonomy":"post_tag","embeddable":true,"href":"https:\/\/www.europesays.com\/pt\/wp-json\/wp\/v2\/tags?post=171173"}],"curies":[{"name":"wp","href":"https:\/\/api.w.org\/{rel}","templated":true}]}}