{"id":171175,"date":"2025-11-30T23:25:10","date_gmt":"2025-11-30T23:25:10","guid":{"rendered":"https:\/\/www.europesays.com\/pt\/171175\/"},"modified":"2025-11-30T23:25:10","modified_gmt":"2025-11-30T23:25:10","slug":"secretario-de-estado-e-dificil-prever-quando-sera-retomada-a-normalidade-na-venezuela","status":"publish","type":"post","link":"https:\/\/www.europesays.com\/pt\/171175\/","title":{"rendered":"Secret\u00e1rio de Estado: &#8220;\u00c9 dif\u00edcil prever quando ser\u00e1 retomada a normalidade&#8221; na Venezuela"},"content":{"rendered":"<p>\t                Em\u00eddio Sousa garantiu ainda que Governo &#8220;n\u00e3o recebeu pedidos de ajuda&#8221; de portugueses a residir na Venezuela <\/p>\n<p style=\"margin-bottom:11px\">O secret\u00e1rio de Estado das Comunidades Portuguesas afirmou este s\u00e1bado que ser\u00e1 dif\u00edcil saber quando a situa\u00e7\u00e3o na Venezuela vai regressar \u00e0 normalidade. Em entrevista \u00e0 CNN Portugal, Em\u00eddio Sousa sublinhou que acompanha de perto o que se passa no pa\u00eds, onde reside uma das maiores comunidades portuguesas no estrangeiro.<\/p>\n<p>\u201cEu tenho estado em contato permanente com os nossos servi\u00e7os diplom\u00e1ticos e com muitas pessoas que conhe\u00e7o da comunidade portuguesa na Venezuela\u201d, afirmou, garantindo que, apesar das tens\u00f5es, \u201cneste momento as pessoas est\u00e3o extremamente tranquilas\u201d, e que \u201ch\u00e1 uma vida perfeitamente normal dentro das pessoas e das comunidades, n\u00e3o h\u00e1 uma preocupa\u00e7\u00e3o com a situa\u00e7\u00e3o que se vive at\u00e9 mais do exterior\u201d. De acordo com o governante, e citando relatos que tem recebido de amigos que tem a residir no pa\u00eds, \u201cas pessoas est\u00e3o calmas\u201d, embora exista \u201cuma relativa preocupa\u00e7\u00e3o relativamente ao cancelamento dos voos por parte da TAP\u201d.<\/p>\n<p>\u201cA vida decorre normalmente, as pessoas hoje, que \u00e9 domingo, foram \u00e0 missa, conviveram, fizeram a sua vida normal\u201d, acrescentou o secret\u00e1rio de Estado a partir do Brasil.<\/p>\n<p>Questionado sobre eventuais pedidos de repatriamento, o secret\u00e1rio de Estado garantiu que n\u00e3o houve qualquer solicita\u00e7\u00e3o de ajuda para regressar a Portugal. \u201cN\u00e3o houve. Julgo que a nossa comunidade, que \u00e9 significativa na Venezuela, tem vivido nos \u00faltimos anos alguns momentos de particular tens\u00e3o. Portanto, hoje j\u00e1 n\u00e3o ser\u00e1 uma\u00a0situa\u00e7\u00e3o complexa para eles enfrentar estas situa\u00e7\u00f5es\u201d, sublinhou, lembrando que o governo disponibiliza de mecanismos de ajuda aos emigrantes portugueses a residir no pa\u00eds. \u201cTemos linhas de emerg\u00eancia para alguma situa\u00e7\u00e3o de emerg\u00eancia consular, criamos grupos do WhatsApp, temos os nossos pr\u00f3prios planos de conting\u00eancia, mas a situa\u00e7\u00e3o atual \u00e9 de calma, \u00e9 de perfeita normalidade dentro das nossas comunidades.\u201d<\/p>\n<p>No s\u00e1bado, os consulados-gerais de Portugal em Caracas e Val\u00eancia divulgaram as linhas telef\u00f3nicas de emerg\u00eancia, assim como contactos por e-mail, para apoiar os portugueses no pa\u00eds. Tamb\u00e9m o Gabinete de Emerg\u00eancia Consular, em Lisboa, mant\u00e9m n\u00fameros ativos para situa\u00e7\u00f5es cr\u00edticas.<\/p>\n<p>No comunicado \u00e9 referenciado o contacto telef\u00f3nico de Emerg\u00eancia de Portugal em Caracas +58 414-466 53 50 e o e-mail\u00a0<a href=\"https:\/\/cnnportugal.iol.pt\/venezuela\/eua\/secretario-de-estado-e-dificil-prever-quando-sera-retomada-a-normalidade-na-venezuela\/20251130\/mailto:cgcaracas@mne.pt\" rel=\"nofollow noopener\" target=\"_blank\">cgcaracas@mne.pt<\/a>. Tamb\u00e9m s\u00e3o disponibilizados os contactos telef\u00f3nicos do consulado em Val\u00eancia +58 412-0405565 e +58 414-484 35 41, assim como o e-mail\u00a0<a href=\"https:\/\/cnnportugal.iol.pt\/venezuela\/eua\/secretario-de-estado-e-dificil-prever-quando-sera-retomada-a-normalidade-na-venezuela\/20251130\/mailto:valencia@mne.pt\" rel=\"nofollow noopener\" target=\"_blank\">valencia@mne.pt<\/a>. Os portugueses podem ainda ligar para o Gabinete de Emerg\u00eancia Consular atrav\u00e9s dos telefones +351 217 929 714 e +351 961 706\u00a0472, ou utilizar o e-mail\u00a0<a href=\"https:\/\/cnnportugal.iol.pt\/venezuela\/eua\/secretario-de-estado-e-dificil-prever-quando-sera-retomada-a-normalidade-na-venezuela\/20251130\/mailto:gec@mne.pt\" rel=\"nofollow noopener\" target=\"_blank\">gec@mne.pt<\/a>.<\/p>\n<p>\u201cA nossa linha de emerg\u00eancia \u00e9 mesmo para casos de emerg\u00eancia. Neste momento temos todos os canais abertos para situa\u00e7\u00f5es de emerg\u00eancia e o que pedimos \u00e9 que apenas recorram a eles as situa\u00e7\u00f5es de emerg\u00eancia, n\u00e3o em situa\u00e7\u00f5es normais para o tipo de atividade. S\u00f3 em casos de emerg\u00eancia foram criados precisamente para esse efeito\u201d, refor\u00e7ou o governante \u00e0 CNN Portugal.<\/p>\n<p>Outra quest\u00e3o que est\u00e1 a gerar inquieta\u00e7\u00e3o aos portugueses a residir na Venezuela \u00e9 a suspens\u00e3o dos voos da TAP, numa altura em que se aproxima o Natal. Em\u00eddio Sousa acredita que a companhia a\u00e9rea portuguesa \u201cesteve bem\u201d, ao suspender os voos para o pa\u00eds, \u201cface \u00e0 situa\u00e7\u00e3o que se vive na regi\u00e3o e aos alertas \u00e0 avia\u00e7\u00e3o civil\u201d, lembrando que tamb\u00e9m outras companhias a\u00e9reas tomaram a mesma decis\u00e3o, depois de o governo venezuelano ter tido uma rea\u00e7\u00e3o que \u201cfoi exagerada\u201d.<\/p>\n<p>Ainda assim, deixou alternativas para os portugueses que pretendam passar a quadra natal\u00edcia em casa. \u201cAs pessoas ainda t\u00eam alternativas atrav\u00e9s de outros canais da Col\u00f4mbia e de outros pa\u00edses da Am\u00e9rica do Sul, se houver alguma situa\u00e7\u00e3o de emerg\u00eancia, existem companhias que ainda est\u00e3o a operar, mas como disse, \u00e9 dif\u00edcil prever quando \u00e9 que as coisas normalizar\u00e3o.\u201d<\/p>\n<p>Sobre uma retoma \u00e0 normalidade, salienta, n\u00e3o h\u00e1 qualquer previs\u00e3o no horizonte. \u201c\u00c9 muito complexo, n\u00f3s n\u00e3o sabemos, estamos a falar de um contexto de profunda incerteza, n\u00e3o temos nenhuma informa\u00e7\u00e3o que nos possa avan\u00e7ar qualquer data previs\u00edvel, o que esper\u00e1mos \u00e9 que prevale\u00e7a a paz e que seja poss\u00edvel retomar a normalidade dos voos da nossa Companhia A\u00e9rea o menos poss\u00edvel.\u201d<\/p>\n<p>As declara\u00e7\u00f5es surgem no mesmo dia em que o Minist\u00e9rio dos Neg\u00f3cios Estrangeiros (MNE) assegurou que \u201cn\u00e3o h\u00e1 a registar qualquer situa\u00e7\u00e3o que justifique alarme\u201d, depois de Donald Trump ter anunciado o encerramento do espa\u00e7o a\u00e9reo venezuelano. O MNE reiterou que os planos de conting\u00eancia do Estado portugu\u00eas \u201cs\u00e3o mat\u00e9ria naturalmente reservada\u201d e recomendou que os cidad\u00e3os mantenham os contactos atualizados, para garantir uma comunica\u00e7\u00e3o eficaz com os servi\u00e7os consulares.<\/p>\n","protected":false},"excerpt":{"rendered":"Em\u00eddio Sousa garantiu ainda que Governo &#8220;n\u00e3o recebeu pedidos de ajuda&#8221; de portugueses a residir na Venezuela O&hellip;\n","protected":false},"author":2,"featured_media":171176,"comment_status":"","ping_status":"","sticky":false,"template":"","format":"standard","meta":{"footnotes":""},"categories":[8],"tags":[609,836,611,27,28,607,608,333,832,604,135,610,476,413,15,16,301,830,14,603,25,26,570,21,22,831,833,62,834,12,13,19,20,835,602,52,32,8168,23,24,33,35880,1365,35161,17,18,29,30,31,3023],"class_list":{"0":"post-171175","1":"post","2":"type-post","3":"status-publish","4":"format-standard","5":"has-post-thumbnail","7":"category-principais-noticias","8":"tag-alerta","9":"tag-analise","10":"tag-ao-minuto","11":"tag-breaking-news","12":"tag-breakingnews","13":"tag-cnn","14":"tag-cnn-portugal","15":"tag-comentadores","16":"tag-costa","17":"tag-crime","18":"tag-desporto","19":"tag-direto","20":"tag-economia","21":"tag-eua","22":"tag-featured-news","23":"tag-featurednews","24":"tag-governo","25":"tag-guerra","26":"tag-headlines","27":"tag-justica","28":"tag-latest-news","29":"tag-latestnews","30":"tag-live","31":"tag-main-news","32":"tag-mainnews","33":"tag-mais-vistas","34":"tag-marcelo","35":"tag-mundo","36":"tag-negocios","37":"tag-news","38":"tag-noticias","39":"tag-noticias-principais","40":"tag-noticiasprincipais","41":"tag-opiniao","42":"tag-pais","43":"tag-politica","44":"tag-portugal","45":"tag-portugueses","46":"tag-principais-noticias","47":"tag-principaisnoticias","48":"tag-pt","49":"tag-secretario-de-estado-das-comunidades-portuguesas","50":"tag-tap","51":"tag-tensao","52":"tag-top-stories","53":"tag-topstories","54":"tag-ultimas","55":"tag-ultimas-noticias","56":"tag-ultimasnoticias","57":"tag-venezuela"},"share_on_mastodon":{"url":"","error":"Validation failed: Text character limit of 500 exceeded"},"_links":{"self":[{"href":"https:\/\/www.europesays.com\/pt\/wp-json\/wp\/v2\/posts\/171175","targetHints":{"allow":["GET"]}}],"collection":[{"href":"https:\/\/www.europesays.com\/pt\/wp-json\/wp\/v2\/posts"}],"about":[{"href":"https:\/\/www.europesays.com\/pt\/wp-json\/wp\/v2\/types\/post"}],"author":[{"embeddable":true,"href":"https:\/\/www.europesays.com\/pt\/wp-json\/wp\/v2\/users\/2"}],"replies":[{"embeddable":true,"href":"https:\/\/www.europesays.com\/pt\/wp-json\/wp\/v2\/comments?post=171175"}],"version-history":[{"count":0,"href":"https:\/\/www.europesays.com\/pt\/wp-json\/wp\/v2\/posts\/171175\/revisions"}],"wp:featuredmedia":[{"embeddable":true,"href":"https:\/\/www.europesays.com\/pt\/wp-json\/wp\/v2\/media\/171176"}],"wp:attachment":[{"href":"https:\/\/www.europesays.com\/pt\/wp-json\/wp\/v2\/media?parent=171175"}],"wp:term":[{"taxonomy":"category","embeddable":true,"href":"https:\/\/www.europesays.com\/pt\/wp-json\/wp\/v2\/categories?post=171175"},{"taxonomy":"post_tag","embeddable":true,"href":"https:\/\/www.europesays.com\/pt\/wp-json\/wp\/v2\/tags?post=171175"}],"curies":[{"name":"wp","href":"https:\/\/api.w.org\/{rel}","templated":true}]}}