{"id":171180,"date":"2025-11-30T23:32:16","date_gmt":"2025-11-30T23:32:16","guid":{"rendered":"https:\/\/www.europesays.com\/pt\/171180\/"},"modified":"2025-11-30T23:32:16","modified_gmt":"2025-11-30T23:32:16","slug":"ele-e-especial-ajudou-nos-a-ganhar","status":"publish","type":"post","link":"https:\/\/www.europesays.com\/pt\/171180\/","title":{"rendered":"\u00abEle \u00e9 especial. Ajudou-nos a ganhar\u00bb"},"content":{"rendered":"<p>&#8211; Advertisement &#8211;<\/p>\n<p><strong>O Manchester City venceu este s\u00e1bado o Leeds United por 3-2 na Premier League. Pep Guardiola analisou o encontro.<\/strong><\/p>\n<p>Pep Guardiola j\u00e1 reagiu \u00e0 vit\u00f3ria dram\u00e1tica do Manchester City sobre o Leeds United (3-2) na<a href=\"https:\/\/bolanarede.pt\/etiqueta\/premier-league\/\" target=\"_blank\" rel=\"noreferrer noopener nofollow\"> Premier League<\/a>. No final do encontro, o t\u00e9cnico espanhol afirmou ter sido um \u00abal\u00edvio\u00bb haver golo nos \u00faltimos minutos, pois conseguiram, desta forma, os tr\u00eas pontos. <\/p>\n<p>\u00abO jogo n\u00e3o foi perfeito na primeira parte, mas foi confort\u00e1vel, deveria ter terminado no intervalo com as oportunidades que tivemos. Depois disso, Daniel [Farke] mudou o sistema como Leverusen fez \u2013 5-3-2 \u2013 e sofremos o golo no primeiro minuto. A forma\u00e7\u00e3o influencia a forma como jogamos\u00bb, referiu.<\/p>\n<p>\u00abE depois disso s\u00e3o emo\u00e7\u00f5es, sofremos o segundo, mas depois damos um passo \u00e0 frente. Reagimos muito bem, colocamos mais jogadores na \u00e1rea, colocamos a bola rapidamente na \u00e1rea e a qualidade de Phil [Foden] novamente \u2013 ele \u00e9 especial. Ele ajudou-nos a ganhar o jogo\u00bb, prosseguiu.<\/p>\n<p>Pep Guardiola falou sobre o epis\u00f3dio com Erling Haaland no final do encontro:<\/p>\n<p>\u00abEu estava feliz. Ele tinha de tentar encontrar uma maneira de se envolver. Erling \u00e0s vezes precisa de descansar porque joga, joga e joga. Com Phil [Foden], ou J\u00e9r\u00e9my [Doku], ou Bernardo, eles jogam 60 minutos e o corpo deles para\u00bb.<\/p>\n","protected":false},"excerpt":{"rendered":"&#8211; Advertisement &#8211; O Manchester City venceu este s\u00e1bado o Leeds United por 3-2 na Premier League. Pep&hellip;\n","protected":false},"author":2,"featured_media":171181,"comment_status":"","ping_status":"","sticky":false,"template":"","format":"standard","meta":{"footnotes":""},"categories":[87],"tags":[260,135,9241,1382,2960,32,33,134],"class_list":{"0":"post-171180","1":"post","2":"type-post","3":"status-publish","4":"format-standard","5":"has-post-thumbnail","7":"category-desporto","8":"tag-atualidade","9":"tag-desporto","10":"tag-leeds-united","11":"tag-manchester-city","12":"tag-pep-guardiola","13":"tag-portugal","14":"tag-pt","15":"tag-sports"},"share_on_mastodon":{"url":"https:\/\/pubeurope.com\/@pt\/115641263417380983","error":""},"_links":{"self":[{"href":"https:\/\/www.europesays.com\/pt\/wp-json\/wp\/v2\/posts\/171180","targetHints":{"allow":["GET"]}}],"collection":[{"href":"https:\/\/www.europesays.com\/pt\/wp-json\/wp\/v2\/posts"}],"about":[{"href":"https:\/\/www.europesays.com\/pt\/wp-json\/wp\/v2\/types\/post"}],"author":[{"embeddable":true,"href":"https:\/\/www.europesays.com\/pt\/wp-json\/wp\/v2\/users\/2"}],"replies":[{"embeddable":true,"href":"https:\/\/www.europesays.com\/pt\/wp-json\/wp\/v2\/comments?post=171180"}],"version-history":[{"count":0,"href":"https:\/\/www.europesays.com\/pt\/wp-json\/wp\/v2\/posts\/171180\/revisions"}],"wp:featuredmedia":[{"embeddable":true,"href":"https:\/\/www.europesays.com\/pt\/wp-json\/wp\/v2\/media\/171181"}],"wp:attachment":[{"href":"https:\/\/www.europesays.com\/pt\/wp-json\/wp\/v2\/media?parent=171180"}],"wp:term":[{"taxonomy":"category","embeddable":true,"href":"https:\/\/www.europesays.com\/pt\/wp-json\/wp\/v2\/categories?post=171180"},{"taxonomy":"post_tag","embeddable":true,"href":"https:\/\/www.europesays.com\/pt\/wp-json\/wp\/v2\/tags?post=171180"}],"curies":[{"name":"wp","href":"https:\/\/api.w.org\/{rel}","templated":true}]}}