{"id":171188,"date":"2025-11-30T23:37:14","date_gmt":"2025-11-30T23:37:14","guid":{"rendered":"https:\/\/www.europesays.com\/pt\/171188\/"},"modified":"2025-11-30T23:37:14","modified_gmt":"2025-11-30T23:37:14","slug":"marco-rubio-garante-que-eua-querem-uma-ucrania-soberana-independente-e-prospera-guerra-na-ucrania","status":"publish","type":"post","link":"https:\/\/www.europesays.com\/pt\/171188\/","title":{"rendered":"Marco Rubio garante que EUA querem uma Ucr\u00e2nia \u201csoberana, independente e pr\u00f3spera\u201d | Guerra na Ucr\u00e2nia"},"content":{"rendered":"<p>A reuni\u00e3o deste domingo na Florida entre delega\u00e7\u00f5es de alto n\u00edvel dos Estados Unidos e da Ucr\u00e2nia acabou por n\u00e3o resultar em avan\u00e7os que pudessem levar o secret\u00e1rio de Estado norte-americano, Marco Rubio, que chefiou a delega\u00e7\u00e3o dos EUA, a dizer mais do que esta ronda de negocia\u00e7\u00f5es foi &#8220;produtiva&#8221;.<\/p>\n<p>Mais importante foram as palavras do chefe de diplomacia norte-americana, citado pela Reuters, \u00e0 entrada da reuni\u00e3o nos arredores de Miami: Washington quer \u201ccriar um caminho que permita que a Ucr\u00e2nia permane\u00e7a soberana, independente e pr\u00f3spera.\u201d<\/p>\n<p>Em declara\u00e7\u00f5es recolhidas pelo New York Times no fim do encontro, o secret\u00e1rio de Estado reconheceu que \u201ch\u00e1 mais trabalho a ser feito\u201d para conseguir p\u00f4r fim \u00e0 <a href=\"http:\/\/www.publico.pt\/guerra-ucrania\" rel=\"nofollow noopener\" target=\"_blank\">guerra na Ucr\u00e2nia<\/a> que dura h\u00e1 mais de tr\u00eas anos.<\/p>\n<p>        &#13;<\/p>\n<p>&#13;<br \/>\n                &#13;\n            <\/p>\n<p>&#13;<\/p>\n<p>\u201cIsto \u00e9 delicado. \u00c9 complicado. H\u00e1 muitas partes em movimento e, obviamente, h\u00e1 outra parte envolvida aqui que ter\u00e1 de fazer parte da equa\u00e7\u00e3o, e isso continuar\u00e1 ainda esta semana\u201d, disse Rubio em breves declara\u00e7\u00f5es \u00e0 imprensa.<\/p>\n<p>Rubio e o chefe da delega\u00e7\u00e3o ucraniana, Rustem Umerov, falaram brevemente, sem responder a perguntas dos jornalistas. O chefe do Conselho de Seguran\u00e7a e Defesa Nacional da Ucr\u00e2nia explicou que o seu pa\u00eds est\u00e1 grato \u00e0 lideran\u00e7a dos EUA pelo \u201ctrabalho extraordin\u00e1rio\u201d que est\u00e3o a realizar para p\u00f4r fim ao conflito e por se mostrarem \u201cextremamente solid\u00e1rios\u201d com a causa ucraniana. E tamb\u00e9m caracterizou a conversa como \u201cprodutiva e bem-sucedida\u201d.<\/p>\n<p>Nenhuma das partes adiantou quando ser\u00e1 a pr\u00f3xima ronda negocial entre os EUA e a Ucr\u00e2nia. As discuss\u00f5es deste domingo seguem-se a cerca de duas semanas de negocia\u00e7\u00f5es que come\u00e7aram com um plano de paz dos EUA que, segundo cr\u00edticos, inicialmente favorecia a R\u00fassia, que iniciou o conflito na Ucr\u00e2nia com a invas\u00e3o do pa\u00eds vizinho em Fevereiro de 2022.<\/p>\n<p>A equipa de Trump tem pressionado a Ucr\u00e2nia a fazer concess\u00f5es significativas, incluindo ceder territ\u00f3rio \u00e0 R\u00fassia, mas sem sucesso, para frustra\u00e7\u00e3o do Presidente norte-americano que j\u00e1 se afirmou publicamente surpreendido por n\u00e3o ter conseguido encontrar ainda uma solu\u00e7\u00e3o para o conflito, considerando a rela\u00e7\u00e3o forte que mant\u00e9m com o seu hom\u00f3logo russo, Vladimir Putin, que se tem resistido a concess\u00f5es para parar os combates.<\/p>\n<p>Enquanto as conversa\u00e7\u00f5es com vista a um cessar-fogo v\u00e3o e v\u00eam, as for\u00e7as russas na linha da frente da guerra v\u00e3o avan\u00e7ando lentamente e consolidando as suas posi\u00e7\u00f5es, de modo a que quando Moscovo se sentar realmente \u00e0 mesa, o territ\u00f3rio do Leste da Ucr\u00e2nia que a R\u00fassia pretende anexar seja uma realidade inexor\u00e1vel.<\/p>\n<p>Steve Witkoff, o enviado especial de Trump, e Jared Kushner, genro do Presidente, os outros dois elementos do triunvirato que se sentou \u00e0 mesa de negocia\u00e7\u00f5es no clube privado Shell Bay, em Hallandale Beach, perto de Miami, este domingo, dever\u00e3o encontrar-se com respons\u00e1veis russos em Moscovo durante a semana que agora come\u00e7a, de acordo com o New York Times.<\/p>\n<p>O Presidente ucraniano, Volodymyr Zelensky, que chegar\u00e1 esta segunda-feira a Paris para uma visita oficial, esperava que os resultados das reuni\u00f5es anteriores em Genebra fossem \u201clapidados\u201d este domingo na Florida. Em Genebra, a Ucr\u00e2nia apresentou uma contraproposta \u00e0s propostas apresentadas aos l\u00edderes em Kiev pelo secret\u00e1rio do Ex\u00e9rcito dos EUA, Dan Driscoll, h\u00e1 cerca de duas semanas.<\/p>\n<p>N\u00e3o se sabe se a delega\u00e7\u00e3o ucraniana conseguiu alcan\u00e7ar esse desiderato, nem se influiu negativamente na conversa o facto de ter sido obrigada a mudar o seu chefe negociador, Andriy Yermak, que se <a href=\"http:\/\/www.publico.pt\/2025\/11\/28\/mundo\/noticia\/autoridades-fazem-buscas-casa-chefe-gabinete-zelensky-investigacao-corrupcao-2156355\" rel=\"nofollow noopener\" target=\"_blank\">demitiu<\/a> na sexta-feira do cargo de chefe de gabinete de Zelensky, envolvido num esc\u00e2ndalo de corrup\u00e7\u00e3o.<\/p>\n<p>Umerov fez tudo para cair nas boas gra\u00e7as dos negociadores norte-americanos (e do pr\u00f3prio Donald Trump, sabendo como este gosta de elogios), tendo come\u00e7ado a reuni\u00e3o por agradecer em ingl\u00eas aos Estados Unidos pela sua media\u00e7\u00e3o: \u201cOs EUA est\u00e3o a ouvir-nos, os EUA est\u00e3o a apoiar-nos, os EUA est\u00e3o a caminhar ao nosso lado.\u201d<\/p>\n<p>Mas, como escreveu no X o vice-ministro dos Neg\u00f3cios Estrangeiros ucraniano, Sergiy Kyslytsya, que tamb\u00e9m integra a delega\u00e7\u00e3o, \u201ccomo diria um meteorologista, h\u00e1 uma dificuldade inerente em fazer previs\u00f5es porque a atmosfera \u00e9 um sistema ca\u00f3tico onde pequenas mudan\u00e7as podem levar a grandes resultados\u201d.<\/p>\n","protected":false},"excerpt":{"rendered":"A reuni\u00e3o deste domingo na Florida entre delega\u00e7\u00f5es de alto n\u00edvel dos Estados Unidos e da Ucr\u00e2nia acabou&hellip;\n","protected":false},"author":2,"featured_media":171189,"comment_status":"","ping_status":"","sticky":false,"template":"","format":"standard","meta":{"footnotes":""},"categories":[50],"tags":[27,28,92,235,15,16,1622,889,14,25,26,21,22,18507,9961,62,12,13,19,20,23,24,839,17,18,840,29,30,31,63,64,65],"class_list":{"0":"post-171188","1":"post","2":"type-post","3":"status-publish","4":"format-standard","5":"has-post-thumbnail","7":"category-mundo","8":"tag-breaking-news","9":"tag-breakingnews","10":"tag-donald-trump","11":"tag-estados-unidos","12":"tag-featured-news","13":"tag-featurednews","14":"tag-florida","15":"tag-guerra-na-ucrania","16":"tag-headlines","17":"tag-latest-news","18":"tag-latestnews","19":"tag-main-news","20":"tag-mainnews","21":"tag-marco-rubio","22":"tag-miami","23":"tag-mundo","24":"tag-news","25":"tag-noticias","26":"tag-noticias-principais","27":"tag-noticiasprincipais","28":"tag-principais-noticias","29":"tag-principaisnoticias","30":"tag-russia","31":"tag-top-stories","32":"tag-topstories","33":"tag-ucrania","34":"tag-ultimas","35":"tag-ultimas-noticias","36":"tag-ultimasnoticias","37":"tag-world","38":"tag-world-news","39":"tag-worldnews"},"share_on_mastodon":{"url":"","error":"Validation failed: Text character limit of 500 exceeded"},"_links":{"self":[{"href":"https:\/\/www.europesays.com\/pt\/wp-json\/wp\/v2\/posts\/171188","targetHints":{"allow":["GET"]}}],"collection":[{"href":"https:\/\/www.europesays.com\/pt\/wp-json\/wp\/v2\/posts"}],"about":[{"href":"https:\/\/www.europesays.com\/pt\/wp-json\/wp\/v2\/types\/post"}],"author":[{"embeddable":true,"href":"https:\/\/www.europesays.com\/pt\/wp-json\/wp\/v2\/users\/2"}],"replies":[{"embeddable":true,"href":"https:\/\/www.europesays.com\/pt\/wp-json\/wp\/v2\/comments?post=171188"}],"version-history":[{"count":0,"href":"https:\/\/www.europesays.com\/pt\/wp-json\/wp\/v2\/posts\/171188\/revisions"}],"wp:featuredmedia":[{"embeddable":true,"href":"https:\/\/www.europesays.com\/pt\/wp-json\/wp\/v2\/media\/171189"}],"wp:attachment":[{"href":"https:\/\/www.europesays.com\/pt\/wp-json\/wp\/v2\/media?parent=171188"}],"wp:term":[{"taxonomy":"category","embeddable":true,"href":"https:\/\/www.europesays.com\/pt\/wp-json\/wp\/v2\/categories?post=171188"},{"taxonomy":"post_tag","embeddable":true,"href":"https:\/\/www.europesays.com\/pt\/wp-json\/wp\/v2\/tags?post=171188"}],"curies":[{"name":"wp","href":"https:\/\/api.w.org\/{rel}","templated":true}]}}