{"id":171203,"date":"2025-11-30T23:52:19","date_gmt":"2025-11-30T23:52:19","guid":{"rendered":"https:\/\/www.europesays.com\/pt\/171203\/"},"modified":"2025-11-30T23:52:19","modified_gmt":"2025-11-30T23:52:19","slug":"38-calendarios-do-advento-para-contar-os-dias-ate-o-natal-observador","status":"publish","type":"post","link":"https:\/\/www.europesays.com\/pt\/171203\/","title":{"rendered":"38 calend\u00e1rios do advento para contar os dias at\u00e9 o Natal \u2013 Observador"},"content":{"rendered":"<p>A marcar a contagem dos dias at\u00e9 o Natal, cada janela guarda um segredo pronto para ser desvendado. Os calend\u00e1rios do advento j\u00e1 circulam pelas lojas h\u00e1 semanas \u2014 ou meses \u2014 mas ainda restam algumas jornadas antes de dezembro transformar-se num tabuleiro de surpresas.<\/p>\n<p>Na lista em cima h\u00e1 op\u00e7\u00f5es para todos os gostos e bolsos: das miniaturas de cosm\u00e9tica e maquilhagem aos mais luxuosos cofrets, passando pelos chocolates cl\u00e1ssicos ou artesanais, vinho do Porto, e uma s\u00e9rie de portinholas\u00a0que revelam joalharia, livros e at\u00e9 itens para a casa. Certo \u00e9 que um bom calend\u00e1rio do advento permite viver e celebrar a tradi\u00e7\u00e3o, um dia de cada vez, enquanto espera pelo ponto alto da quadra festiva.<\/p>\n<p><strong>Veja algumas sugest\u00f5es na fotogaleria em cima.<\/strong><\/p>\n","protected":false},"excerpt":{"rendered":"A marcar a contagem dos dias at\u00e9 o Natal, cada janela guarda um segredo pronto para ser desvendado.&hellip;\n","protected":false},"author":2,"featured_media":171204,"comment_status":"","ping_status":"","sticky":false,"template":"","format":"standard","meta":{"footnotes":""},"categories":[83],"tags":[88,3969,89,90,186,32,33],"class_list":{"0":"post-171203","1":"post","2":"type-post","3":"status-publish","4":"format-standard","5":"has-post-thumbnail","7":"category-empresas","8":"tag-business","9":"tag-compras","10":"tag-economy","11":"tag-empresas","12":"tag-lifestyle","13":"tag-portugal","14":"tag-pt"},"share_on_mastodon":{"url":"https:\/\/pubeurope.com\/@pt\/115641341915680268","error":""},"_links":{"self":[{"href":"https:\/\/www.europesays.com\/pt\/wp-json\/wp\/v2\/posts\/171203","targetHints":{"allow":["GET"]}}],"collection":[{"href":"https:\/\/www.europesays.com\/pt\/wp-json\/wp\/v2\/posts"}],"about":[{"href":"https:\/\/www.europesays.com\/pt\/wp-json\/wp\/v2\/types\/post"}],"author":[{"embeddable":true,"href":"https:\/\/www.europesays.com\/pt\/wp-json\/wp\/v2\/users\/2"}],"replies":[{"embeddable":true,"href":"https:\/\/www.europesays.com\/pt\/wp-json\/wp\/v2\/comments?post=171203"}],"version-history":[{"count":0,"href":"https:\/\/www.europesays.com\/pt\/wp-json\/wp\/v2\/posts\/171203\/revisions"}],"wp:featuredmedia":[{"embeddable":true,"href":"https:\/\/www.europesays.com\/pt\/wp-json\/wp\/v2\/media\/171204"}],"wp:attachment":[{"href":"https:\/\/www.europesays.com\/pt\/wp-json\/wp\/v2\/media?parent=171203"}],"wp:term":[{"taxonomy":"category","embeddable":true,"href":"https:\/\/www.europesays.com\/pt\/wp-json\/wp\/v2\/categories?post=171203"},{"taxonomy":"post_tag","embeddable":true,"href":"https:\/\/www.europesays.com\/pt\/wp-json\/wp\/v2\/tags?post=171203"}],"curies":[{"name":"wp","href":"https:\/\/api.w.org\/{rel}","templated":true}]}}