{"id":171217,"date":"2025-12-01T00:03:19","date_gmt":"2025-12-01T00:03:19","guid":{"rendered":"https:\/\/www.europesays.com\/pt\/171217\/"},"modified":"2025-12-01T00:03:19","modified_gmt":"2025-12-01T00:03:19","slug":"campo-grande-inicia-mutirao-contra-dengue-nessa-segunda-1o-de-dezembro","status":"publish","type":"post","link":"https:\/\/www.europesays.com\/pt\/171217\/","title":{"rendered":"Campo Grande inicia mutir\u00e3o contra dengue nessa segunda, 1\u00ba de dezembro"},"content":{"rendered":"<p>A\u00e7\u00e3o come\u00e7a nesta segunda-feira (1\u00ba) em meio ao aumento das chuvas e ocorre em sete etapas at\u00e9 janeiro<\/p>\n<p><a href=\"https:\/\/cdn6.campograndenews.com.br\/uploads\/noticias\/2025\/11\/30\/cdf7892ed1132c14dcaf18986f2cf778fc5b9988.png\" data-fslightbox=\"gallery\" data-title=\"Equipe inicia mutir\u00e3o \u201cMeu Bairro Limpo\u201d para eliminar focos do Aedes\" rel=\"nofollow noopener\" target=\"_blank\"><img decoding=\"async\" src=\"https:\/\/www.europesays.com\/pt\/wp-content\/uploads\/2025\/12\/ilphy2f5cu5y.png\" class=\"img-fluid\" width=\"800\" alt=\"Equipe inicia mutir\u00e3o \u201cMeu Bairro Limpo\u201d para eliminar focos do Aedes\" title=\"Equipe inicia mutir\u00e3o \u201cMeu Bairro Limpo\u201d para eliminar focos do Aedes\" height=\"639\"   loading=\"lazy\"\/><\/a>Agente de sa\u00fade durante vistoria em resid\u00eancia (Foto: Divulga\u00e7\u00e3o)<\/p>\n<p>A Prefeitura de Campo Grande inicia nesta segunda-feira (1\u00ba) mais uma edi\u00e7\u00e3o do programa Meu Bairro Limpo, mutir\u00e3o de combate \u00e0s arboviroses voltado \u00e0 elimina\u00e7\u00e3o de criadouros do mosquito Aedes aegypti. A a\u00e7\u00e3o ocorre em meio ao per\u00edodo de intensifica\u00e7\u00e3o das chuvas, que favorece a prolifera\u00e7\u00e3o do vetor.<\/p>\n<p>A Prefeitura de Campo Grande iniciou nesta segunda-feira (1\u00ba) nova edi\u00e7\u00e3o do programa Meu Bairro Limpo, mutir\u00e3o de combate \u00e0s arboviroses. A a\u00e7\u00e3o visa eliminar criadouros do Aedes aegypti em meio ao per\u00edodo de intensifica\u00e7\u00e3o das chuvas, que favorece a prolifera\u00e7\u00e3o do mosquito. A capital registra 4.547 notifica\u00e7\u00f5es de dengue, um \u00f3bito confirmado e 270 casos de Chikungunya neste ano. O mutir\u00e3o ser\u00e1 realizado em sete etapas at\u00e9 janeiro, com pontos de coleta para descarte de materiais inserv\u00edveis, como pneus, garrafas e embalagens pl\u00e1sticas.<\/p>\n<p>O cen\u00e1rio epidemiol\u00f3gico segue exigindo aten\u00e7\u00e3o. Segundo o Informe Semanal divulgado na ter\u00e7a-feira (25), a capital contabiliza 4.547 notifica\u00e7\u00f5es de dengue e um \u00f3bito confirmado neste ano. N\u00e3o h\u00e1 casos graves, interna\u00e7\u00f5es ou registros de zika. J\u00e1 a chikungunya soma 270 casos confirmados. Na \u00faltima semana, equipes vistoriaram 14.891 <a href=\"https:\/\/www.campograndenews.com.br\/imoveis-campo-grande-ms\" target=\"_blank\" rel=\"nofollow noopener\">im\u00f3veis<\/a> e localizaram 326 focos do mosquito. Diante desse quadro, a Prefeitura decidiu antecipar as a\u00e7\u00f5es.<\/p>\n<p>O mutir\u00e3o ser\u00e1 realizado em sete etapas e contar\u00e1 com pontos de coleta para descarte de materiais inserv\u00edveis. Paralelamente, equipes da Ger\u00eancia de Controle de Endemias Vetoriais recolher\u00e3o objetos que possam acumular \u00e1gua.<\/p>\n<p>Ser\u00e3o aceitos nos pontos de descarte: pneus, garrafas PET, embalagens pl\u00e1sticas, vidros, latas, papel, papel\u00e3o, sacolas, pl\u00e1sticos n\u00e3o reutiliz\u00e1veis e pequenos objetos dom\u00e9sticos.<br data-start=\"1546\" data-end=\"1549\"\/>N\u00e3o ser\u00e3o recebidos: m\u00f3veis volumosos, eletrodom\u00e9sticos, entulhos, galhos, res\u00edduos verdes, eletr\u00f4nicos, l\u00e2mpadas, pilhas, produtos qu\u00edmicos e pneus de uso industrial ou agr\u00edcola.<\/p>\n<p>A abertura oficial acontece \u00e0s 8h, na Rua Dr. Alfredo Aur\u00e9lio de Castro, 748, no Nova Campo Grande, em frente \u00e0 <a href=\"https:\/\/www.campograndenews.com.br\/educacao\" target=\"_blank\" rel=\"nofollow noopener\">Escola<\/a> Municipal Professor Ernesto Garcia de Ara\u00fajo.<\/p>\n<p><strong>Cronograma do Meu Bairro Limpo<\/strong><\/p>\n<p>1\u00ba a 5 de dezembro &#8211; Regi\u00e3o Imbirussu<br \/>\n\u2022 Nova Campo Grande: Pra\u00e7a K com Avenida Tr\u00eas<br \/>\n\u2022 Jardim In\u00e1polis: Rua Granito, 55, esquina com Rua Aruan\u00e3<\/p>\n<p>8 a 12 de dezembro &#8211; Regi\u00e3o Lagoa<br data-start=\"2156\" data-end=\"2159\"\/>\u2022 Jardim Batist\u00e3o: Rua F\u00e1tima do Sul com Rua Rio Brilhante<\/p>\n<p>15 a 19 de dezembro &#8211; Regi\u00f5es Prosa e Centro<br data-start=\"2273\" data-end=\"2276\"\/>\u2022 Jardim Noroeste: Rua Indian\u00e1polis com Rua Nazar\u00e9<br data-start=\"2330\" data-end=\"2333\"\/>\u2022 Centro: Rua Dom Pedro I com Rua 11 de Outubro<\/p>\n<p>5 a 9 de janeiro &#8211; Regi\u00e3o Anhanduizinho 1<br data-start=\"2433\" data-end=\"2436\"\/>\u2022 Bairro Universit\u00e1rio: Rua J\u00falia Pereira de Souza com Rua Francisco Aguiar Pimenta<\/p>\n<p>12 a 16 de janeiro &#8211; Regi\u00e3o Anhanduizinho 2<br data-start=\"2574\" data-end=\"2577\"\/>\u2022 Jardim das Hort\u00eansias: Rua Pr\u00edmula, em frente ao n\u00ba 390<\/p>\n<p>19 a 23 de janeiro &#8211; Regi\u00e3o Segredo<br data-start=\"2681\" data-end=\"2684\"\/>\u2022 Nova Lima: Rua Firmo Cristaldo, entre a Rua J\u00falio Prestes e a Rua Eug\u00eania Lima<\/p>\n<p>26 a 30 de janeiro &#8211; Regi\u00e3o Bandeira<br data-start=\"2812\" data-end=\"2815\"\/>\u2022 Jardim Itamarac\u00e1: Rua Padre Mussa Tuma com Rua Amabile Tanarche Cappi<\/p>\n<p>Receba as principais not\u00edcias do Estado pelo Whats. <a href=\"https:\/\/whatsapp.com\/channel\/0029Va6UwSHHltY8c4OtUb0j\" rel=\"noopener noreferrer nofollow\" target=\"_blank\">Clique aqui para acessar o <strong>canal do<\/strong> <strong>Campo Grande News<\/strong><\/a> e siga nossas <a href=\"https:\/\/www.tiktok.com\/@campograndenews?_t=8jKPysGs6SL&amp;_r=1\" rel=\"noopener noreferrer nofollow\" target=\"_blank\"><strong>redes sociais<\/strong><\/a>.<\/p>\n<p><script async src=\"\/\/www.tiktok.com\/embed.js\"><\/script><\/p>\n","protected":false},"excerpt":{"rendered":"A\u00e7\u00e3o come\u00e7a nesta segunda-feira (1\u00ba) em meio ao aumento das chuvas e ocorre em sete etapas at\u00e9 janeiro&hellip;\n","protected":false},"author":2,"featured_media":171218,"comment_status":"","ping_status":"","sticky":false,"template":"","format":"standard","meta":{"footnotes":""},"categories":[86],"tags":[3952,35892,35890,35888,3946,5726,33258,20369,12342,116,35887,8043,35891,35889,32,3046,3786,33,117],"class_list":{"0":"post-171217","1":"post","2":"type-post","3":"status-publish","4":"format-standard","5":"has-post-thumbnail","7":"category-saude","8":"tag-feira","9":"tag-ao-ocorre","10":"tag-arboviroses-voltado","11":"tag-bairro-limpo","12":"tag-campo","13":"tag-combate","14":"tag-criadouros","15":"tag-edio","16":"tag-eliminao","17":"tag-health","18":"tag-inicia","19":"tag-lotrica-campo-grande","20":"tag-mosquito-aedes-aegypti","21":"tag-mutiro","22":"tag-portugal","23":"tag-prefeitura","24":"tag-programa","25":"tag-pt","26":"tag-saude"},"share_on_mastodon":{"url":"","error":""},"_links":{"self":[{"href":"https:\/\/www.europesays.com\/pt\/wp-json\/wp\/v2\/posts\/171217","targetHints":{"allow":["GET"]}}],"collection":[{"href":"https:\/\/www.europesays.com\/pt\/wp-json\/wp\/v2\/posts"}],"about":[{"href":"https:\/\/www.europesays.com\/pt\/wp-json\/wp\/v2\/types\/post"}],"author":[{"embeddable":true,"href":"https:\/\/www.europesays.com\/pt\/wp-json\/wp\/v2\/users\/2"}],"replies":[{"embeddable":true,"href":"https:\/\/www.europesays.com\/pt\/wp-json\/wp\/v2\/comments?post=171217"}],"version-history":[{"count":0,"href":"https:\/\/www.europesays.com\/pt\/wp-json\/wp\/v2\/posts\/171217\/revisions"}],"wp:featuredmedia":[{"embeddable":true,"href":"https:\/\/www.europesays.com\/pt\/wp-json\/wp\/v2\/media\/171218"}],"wp:attachment":[{"href":"https:\/\/www.europesays.com\/pt\/wp-json\/wp\/v2\/media?parent=171217"}],"wp:term":[{"taxonomy":"category","embeddable":true,"href":"https:\/\/www.europesays.com\/pt\/wp-json\/wp\/v2\/categories?post=171217"},{"taxonomy":"post_tag","embeddable":true,"href":"https:\/\/www.europesays.com\/pt\/wp-json\/wp\/v2\/tags?post=171217"}],"curies":[{"name":"wp","href":"https:\/\/api.w.org\/{rel}","templated":true}]}}