{"id":171219,"date":"2025-12-01T00:06:15","date_gmt":"2025-12-01T00:06:15","guid":{"rendered":"https:\/\/www.europesays.com\/pt\/171219\/"},"modified":"2025-12-01T00:06:15","modified_gmt":"2025-12-01T00:06:15","slug":"a-vida-veio-do-espaco-achado-em-asteroide-indica-que-sim","status":"publish","type":"post","link":"https:\/\/www.europesays.com\/pt\/171219\/","title":{"rendered":"A vida veio do espa\u00e7o? Achado em asteroide indica que sim"},"content":{"rendered":"<p class=\"fitec-embcmp\"><a href=\"https:\/\/profile.google.com\/cp\/CgsvZy8xMjFqY2oxMw\" target=\"_blank\" class=\"ftecmp-button\" rel=\"nofollow noopener\">Siga o Olhar Digital no Google Discover<\/a><\/p>\n<p>Uma das hip\u00f3teses mais discutidas sobre a origem da vida na Terra prop\u00f5e que ela pode ter sido iniciada por materiais trazidos do <a href=\"https:\/\/olhardigital.com.br\/2025\/11\/17\/ciencia-e-espaco\/sistema-solar-pode-se-deslocar-pelo-espaco-tres-vezes-mais-rapido-que-o-previsto\/\" target=\"_blank\" rel=\"noreferrer noopener nofollow\">espa\u00e7o<\/a>. Segundo essa linha, mol\u00e9culas prebi\u00f3ticas \u2013 compostos surgidos antes de qualquer <a href=\"https:\/\/olhardigital.com.br\/2024\/04\/24\/ciencia-e-espaco\/descoberto-possivel-primeiro-organismo-a-produzir-bioluminescencia\/\" target=\"_blank\" rel=\"noreferrer noopener nofollow\">organismo <\/a>\u2013 teriam chegado aqui transportados por asteroides que ca\u00edam com frequ\u00eancia no planeta ainda jovem.<\/p>\n<p>Essa teoria \u00e9 conhecida como panspermia, termo derivado do grego, em que pan significa \u201ctudo\u201d e spermia quer dizer \u201csemente\u201d. A express\u00e3o sintetiza a ideia de que o cosmos estaria repleto de \u201csementes\u201d capazes de iniciar processos biol\u00f3gicos quando depositadas em mundos adequados.<\/p>\n<p><strong>Em resumo:<\/strong><\/p>\n<ul>\n<li>Mol\u00e9culas prebi\u00f3ticas podem ter chegado \u00e0 Terra trazidas por asteroides antigos;<\/li>\n<li>Teoria da panspermia prop\u00f5e sementes qu\u00edmicas espalhadas pelo espa\u00e7o e dando in\u00edcio \u00e0 vida;<\/li>\n<li>Amostras do asteroide Bennu coletadas pela NASA revelaram compostos essenciais;<\/li>\n<li>Equipe identificou amino\u00e1cidos variados juntamente com nucleobases fundamentais;<\/li>\n<li>Minerais hidratados indicam \u00e1gua antiga favorecendo rea\u00e7\u00f5es qu\u00edmicas formadoras;<\/li>\n<li>Pequenos asteroides poderiam entregar ingredientes essenciais \u201csemeando\u201d a vida no planeta.<\/li>\n<\/ul>\n<p><img loading=\"lazy\" decoding=\"async\" width=\"1024\" height=\"576\" src=\"https:\/\/www.europesays.com\/pt\/wp-content\/uploads\/2025\/12\/unnamed-1-1024x576.png\" alt=\"[ Detalhe da superf\u00edcie do astreroide Bennu: uma verdadeira pilha de escombros - Cr\u00e9ditos: NASA Goddard Space Flight Center \/ University of Arizona ]\" class=\"wp-image-927970\"  \/>Detalhe da superf\u00edcie do astreroide Bennu: uma verdadeira pilha de escombros. Cr\u00e9ditos: NASA Goddard Space Flight Center \/ University of Arizona <strong>Amostras do asteroide Bennu trazem pistas surpreendentes<\/strong><\/p>\n<p>Em 2020, a miss\u00e3o OSIRIS-REx, da NASA, pousou em Bennu, uma rocha espacial antiga e pouco modificada desde o surgimento do Sistema Solar, h\u00e1 cerca de 4,6 bilh\u00f5es de anos. A sonda coletou fragmentos da superf\u00edcie do objeto e<a href=\"https:\/\/olhardigital.com.br\/2023\/09\/24\/ciencia-e-espaco\/osiris-rex-amostra-do-asteroide-bennu-chega-a-terra\/\" target=\"_blank\" rel=\"noreferrer noopener nofollow\"> trouxe para a Terra<\/a> em condi\u00e7\u00f5es totalmente controladas, evitando qualquer contamina\u00e7\u00e3o. As amostras v\u00eam sendo investigadas por cientistas de todo o mundo desde ent\u00e3o.<\/p>\n<p>Um grupo de pesquisadores da NASA e da Universidade do Arizona, nos EUA, acaba de publicar os resultados de sua an\u00e1lise no peri\u00f3dico <a href=\"https:\/\/www.pnas.org\/doi\/10.1073\/pnas.2512461122\" target=\"_blank\" rel=\"noreferrer noopener sponsored nofollow\">Proceedings of the National Academy of Sciences<\/a>. A equipe observou 14 amino\u00e1cidos j\u00e1 detectados em an\u00e1lises preliminares, al\u00e9m de sinais de triptofano, um tipo que nunca havia sido identificado com seguran\u00e7a em qualquer material extraterrestre. Al\u00e9m disso, foram detectados cinco nucleobases, estruturas que comp\u00f5em o RNA e o <a href=\"https:\/\/olhardigital.com.br\/2023\/05\/04\/ciencia-e-espaco\/dna-humano-e-descoberto-em-pingente-de-mais-de-20-mil-anos\/\" target=\"_blank\" rel=\"noreferrer noopener nofollow\">DNA<\/a>.\u00a0<\/p>\n<p>Isso significa que blocos de constru\u00e7\u00e3o das prote\u00ednas e do c\u00f3digo gen\u00e9tico apareceram juntos em um mesmo corpo celeste \u2013 um achado raro e altamente significativo para a ci\u00eancia.<\/p>\n<p><img loading=\"lazy\" decoding=\"async\" width=\"1024\" height=\"768\" src=\"https:\/\/www.europesays.com\/pt\/wp-content\/uploads\/2025\/12\/asteroid-loaded-with-a-1024x768.jpg\" alt=\"\" class=\"wp-image-1225200\"  \/>Uma pequena amostra do asteroie Bennu exibindo uma crosta branca de sal. Cr\u00e9dito: Angel Mojarro<strong>Rocha-m\u00e3e continha \u00e1gua<\/strong><\/p>\n<p>Os cientistas investigaram ainda como essas mol\u00e9culas teriam se formado no espa\u00e7o. As amostras exibiram abund\u00e2ncia de filossilicatos, minerais parecidos com argila que se formam apenas na presen\u00e7a de \u00e1gua. Isso indica que, no passado distante, o corpo progenitor de Bennu possu\u00eda \u00e1gua l\u00edquida em seu interior. A presen\u00e7a prov\u00e1vel de am\u00f4nia nessa \u00e1gua pode ter favorecido rea\u00e7\u00f5es qu\u00edmicas capazes de gerar amino\u00e1cidos e nucleobases a partir de subst\u00e2ncias simples encontradas no meio interestelar.<\/p>\n<p><img loading=\"lazy\" decoding=\"async\" width=\"1032\" height=\"1032\" src=\"https:\/\/www.europesays.com\/pt\/wp-content\/uploads\/2025\/12\/asteroide-bennu-1.webp.webp\" alt=\"\" class=\"wp-image-1225203\"\/>As imagens que comp\u00f5em esta anima\u00e7\u00e3o foram capturadas ao longo de cerca de quatro horas em 4 de dezembro de 2018, durante a primeira passagem da OSIRIS-REx sobre o polo norte de Bennu. Cr\u00e9dito:<br \/>\nNASA\/Goddard\/Universidade do Arizona<\/p>\n<p>Essas evid\u00eancias fortalecem a ideia de que pequenos corpos planet\u00e1rios, ainda em forma\u00e7\u00e3o, podem produzir mol\u00e9culas essenciais \u00e0 vida. Ao serem lan\u00e7ados ao espa\u00e7o e colidirem com planetas como a Terra ainda jovens, esses asteroides teriam funcionado como \u201centregadores\u201d dos ingredientes iniciais.\u00a0<\/p>\n<p>O trabalho tamb\u00e9m refor\u00e7a que a origem da vida continua sendo um tema aberto, que depende de pe\u00e7as espalhadas dentro e fora do nosso planeta \u2013 que miss\u00f5es como a OSIRIS-REx, aos poucos, v\u00eam come\u00e7ando a revelar.<\/p>\n<p>\t\t\t\t\t&#13;<br \/>\n\t\t\t\t\t&#13;<\/p>\n","protected":false},"excerpt":{"rendered":"Siga o Olhar Digital no Google Discover Uma das hip\u00f3teses mais discutidas sobre a origem da vida na&hellip;\n","protected":false},"author":2,"featured_media":171220,"comment_status":"","ping_status":"","sticky":false,"template":"","format":"standard","meta":{"footnotes":""},"categories":[84],"tags":[109,107,108,32,33,105,103,104,106,110],"class_list":{"0":"post-171219","1":"post","2":"type-post","3":"status-publish","4":"format-standard","5":"has-post-thumbnail","7":"category-ciencia-e-tecnologia","8":"tag-ciencia","9":"tag-ciencia-e-tecnologia","10":"tag-cienciaetecnologia","11":"tag-portugal","12":"tag-pt","13":"tag-science","14":"tag-science-and-technology","15":"tag-scienceandtechnology","16":"tag-technology","17":"tag-tecnologia"},"share_on_mastodon":{"url":"https:\/\/pubeurope.com\/@pt\/115641397425708146","error":""},"_links":{"self":[{"href":"https:\/\/www.europesays.com\/pt\/wp-json\/wp\/v2\/posts\/171219","targetHints":{"allow":["GET"]}}],"collection":[{"href":"https:\/\/www.europesays.com\/pt\/wp-json\/wp\/v2\/posts"}],"about":[{"href":"https:\/\/www.europesays.com\/pt\/wp-json\/wp\/v2\/types\/post"}],"author":[{"embeddable":true,"href":"https:\/\/www.europesays.com\/pt\/wp-json\/wp\/v2\/users\/2"}],"replies":[{"embeddable":true,"href":"https:\/\/www.europesays.com\/pt\/wp-json\/wp\/v2\/comments?post=171219"}],"version-history":[{"count":0,"href":"https:\/\/www.europesays.com\/pt\/wp-json\/wp\/v2\/posts\/171219\/revisions"}],"wp:featuredmedia":[{"embeddable":true,"href":"https:\/\/www.europesays.com\/pt\/wp-json\/wp\/v2\/media\/171220"}],"wp:attachment":[{"href":"https:\/\/www.europesays.com\/pt\/wp-json\/wp\/v2\/media?parent=171219"}],"wp:term":[{"taxonomy":"category","embeddable":true,"href":"https:\/\/www.europesays.com\/pt\/wp-json\/wp\/v2\/categories?post=171219"},{"taxonomy":"post_tag","embeddable":true,"href":"https:\/\/www.europesays.com\/pt\/wp-json\/wp\/v2\/tags?post=171219"}],"curies":[{"name":"wp","href":"https:\/\/api.w.org\/{rel}","templated":true}]}}