{"id":171239,"date":"2025-12-01T00:21:08","date_gmt":"2025-12-01T00:21:08","guid":{"rendered":"https:\/\/www.europesays.com\/pt\/171239\/"},"modified":"2025-12-01T00:21:08","modified_gmt":"2025-12-01T00:21:08","slug":"construcao-metalica-cresce-o-dobro-da-construcao-convencional","status":"publish","type":"post","link":"https:\/\/www.europesays.com\/pt\/171239\/","title":{"rendered":"Constru\u00e7\u00e3o met\u00e1lica cresce o dobro da constru\u00e7\u00e3o convencional"},"content":{"rendered":"<p>        Ind\u00fastria reuniu-se no Porto para analisar desafios, oportunidades e IA. O setor da met\u00e1lica cresceu o dobro da constru\u00e7\u00e3o convencional, com foco na sustentabilidade.    <\/p>\n<p>O setor da constru\u00e7\u00e3o met\u00e1lica tem vindo a crescer nos \u00faltimos 10 anos, sendo, atualmente, respons\u00e1vel por 2,4% do Produto Interno Bruto (PIB). Em 2024 este setor valia 6,9 mil milh\u00f5es de euros.<\/p>\n<p>Os dados foram apresentados pelo presidente da Associa\u00e7\u00e3o Portuguesa de Constru\u00e7\u00e3o Met\u00e1lica e Mista (CMM), Lu\u00eds Sim\u00f5es da Silva, durante o XV Congresso de Constru\u00e7\u00e3o Met\u00e1lica Mista que decorreu, em paralelo, com o I Congresso de Engenharia de Fachadas \u2013 uma organiza\u00e7\u00e3o da CMM, de que o Jornal Econ\u00f3mico foi media partner.<\/p>\n<p>Lu\u00eds Sim\u00f5es da Silva salientou que apesar do setor da constru\u00e7\u00e3o convencional ter crescido muito, o \u201csetor da met\u00e1lica cresceu ao dobro da velocidade, a 25% nos \u00faltimos cinco anos, enquanto o da constru\u00e7\u00e3o cresceu a 13%\u201d. Segundo os dados mais recentes este setor teve um crescimento de quota de mercado, de 2010 at\u00e9 ao momento, de 12%.<\/p>\n<p>Na opini\u00e3o de Lu\u00eds Sim\u00f5es da Silva, estes dados mostram que as \u201csolu\u00e7\u00f5es com a constru\u00e7\u00e3o met\u00e1lica d\u00e3o resposta ao mercado e fazem as empresas ganhar dinheiro\u201d.<\/p>\n<p>Para al\u00e9m de ter registado um bom crescimento, o setor \u00e9 um \u201cexportador significativo no panorama nacional\u201d, sendo respons\u00e1vel por 3,3% das exporta\u00e7\u00f5es, o que corresponde a 2,9 mil milh\u00f5es de euros.<\/p>\n<p>Com empresas grandes e micro, e espalhadas por todo o pa\u00eds a \u201cgrande capacidade produtiva\u201d do setor est\u00e1 situada no norte.<\/p>\n<p>A sustentabilidade \u00e9 uma preocupa\u00e7\u00e3o central para o setor, uma vez que o a\u00e7o \u00e9 muitas vezes apontado como \u201csendo um material pouco amigo do ambiente\u201d. O setor est\u00e1 a desenvolver processos inovadores, nomeadamente com a redu\u00e7\u00e3o de \u201c2500 kg de CO2 libertado por cada tonelada de a\u00e7o produzido, para 50kg de CO2 por cada tonelada\u201d atrav\u00e9s de hidrog\u00e9nio de fontes de energia renov\u00e1veis.<\/p>\n<p>O presidente refere que existem \u201cem constru\u00e7\u00e3o, e algumas em funcionamento, f\u00e1bricas que permitem produzir 51 milh\u00f5es de toneladas por ano atrav\u00e9s de redu\u00e7\u00e3o direta do hidrog\u00e9nio de fontes renov\u00e1veis\u201d. Estas f\u00e1bricas estar\u00e3o em funcionamento em 2030, o que \u201ctorna poss\u00edvel a redu\u00e7\u00e3o das emiss\u00f5es, em 38%, na Europa, ou seja, a meta de 50% de redu\u00e7\u00e3o at\u00e9 2030, o setor vai conseguir cumpri-la\u201d, afirma.<\/p>\n<p>Este ano o setor deu um passo importante \u201cpara o desenvolvimento de solu\u00e7\u00f5es sustent\u00e1veis\u201d, com a cria\u00e7\u00e3o da associa\u00e7\u00e3o portuguesa de fachadas. Esta associa\u00e7\u00e3o tem como objetivo \u201creunir toda a fileira ligada ao setor\u201d, sendo que as fachadas \u201crepresentam uma percentagem muito significativa do setor da constru\u00e7\u00e3o\u201d, refere o presidente da CMM.<br \/>\u201cCom esta associa\u00e7\u00e3o vamos tentar promover, melhorar e tornar mais competitiva a ind\u00fastria\u201d, salienta.<\/p>\n","protected":false},"excerpt":{"rendered":"Ind\u00fastria reuniu-se no Porto para analisar desafios, oportunidades e IA. O setor da met\u00e1lica cresceu o dobro da&hellip;\n","protected":false},"author":2,"featured_media":171240,"comment_status":"","ping_status":"","sticky":false,"template":"","format":"standard","meta":{"footnotes":""},"categories":[83],"tags":[88,11850,89,90,32,33],"class_list":{"0":"post-171239","1":"post","2":"type-post","3":"status-publish","4":"format-standard","5":"has-post-thumbnail","7":"category-empresas","8":"tag-business","9":"tag-construcao","10":"tag-economy","11":"tag-empresas","12":"tag-portugal","13":"tag-pt"},"share_on_mastodon":{"url":"https:\/\/pubeurope.com\/@pt\/115641455940338535","error":""},"_links":{"self":[{"href":"https:\/\/www.europesays.com\/pt\/wp-json\/wp\/v2\/posts\/171239","targetHints":{"allow":["GET"]}}],"collection":[{"href":"https:\/\/www.europesays.com\/pt\/wp-json\/wp\/v2\/posts"}],"about":[{"href":"https:\/\/www.europesays.com\/pt\/wp-json\/wp\/v2\/types\/post"}],"author":[{"embeddable":true,"href":"https:\/\/www.europesays.com\/pt\/wp-json\/wp\/v2\/users\/2"}],"replies":[{"embeddable":true,"href":"https:\/\/www.europesays.com\/pt\/wp-json\/wp\/v2\/comments?post=171239"}],"version-history":[{"count":0,"href":"https:\/\/www.europesays.com\/pt\/wp-json\/wp\/v2\/posts\/171239\/revisions"}],"wp:featuredmedia":[{"embeddable":true,"href":"https:\/\/www.europesays.com\/pt\/wp-json\/wp\/v2\/media\/171240"}],"wp:attachment":[{"href":"https:\/\/www.europesays.com\/pt\/wp-json\/wp\/v2\/media?parent=171239"}],"wp:term":[{"taxonomy":"category","embeddable":true,"href":"https:\/\/www.europesays.com\/pt\/wp-json\/wp\/v2\/categories?post=171239"},{"taxonomy":"post_tag","embeddable":true,"href":"https:\/\/www.europesays.com\/pt\/wp-json\/wp\/v2\/tags?post=171239"}],"curies":[{"name":"wp","href":"https:\/\/api.w.org\/{rel}","templated":true}]}}