{"id":171247,"date":"2025-12-01T00:29:22","date_gmt":"2025-12-01T00:29:22","guid":{"rendered":"https:\/\/www.europesays.com\/pt\/171247\/"},"modified":"2025-12-01T00:29:22","modified_gmt":"2025-12-01T00:29:22","slug":"revoltada-marisa-queixa-se-de-pedro-a-gozar-com-a-fala-dos-outros-secret-story","status":"publish","type":"post","link":"https:\/\/www.europesays.com\/pt\/171247\/","title":{"rendered":"Revoltada, Marisa queixa-se de Pedro: \u00abA gozar com a fala dos outros\u2026\u00bb &#8211; Secret Story"},"content":{"rendered":"<p>No Secret Story, Marisa mostra-se chateada com o marido ap\u00f3s uma discuss\u00e3o que aconteceu durante a noite. A concorrente conversa com Leandro sobre Pedro e acusa o concorrente de gozar com a fala dela.\u00a0<\/p>\n<p><strong>Dylan, F\u00e1bio e In\u00eas, est\u00e3o em risco de abandonar a casa j\u00e1 esta noite. Vote para salvar o seu preferido:<\/strong><\/p>\n<p>DYLAN \u2013 761 20 20 07<br \/>F\u00c1BIO \u2013 761 20 20 08<br \/>IN\u00caS \u2013 761 20 20 10<\/p>\n<p><a href=\"https:\/\/tvi.iol.pt\/secretstory\/aominuto\" rel=\"nofollow noopener\" target=\"_blank\">Acompanhe aqui tudo o que se passa no Secret Story 9<\/a><\/p>\n","protected":false},"excerpt":{"rendered":"No Secret Story, Marisa mostra-se chateada com o marido ap\u00f3s uma discuss\u00e3o que aconteceu durante a noite. A&hellip;\n","protected":false},"author":2,"featured_media":171248,"comment_status":"","ping_status":"","sticky":false,"template":"","format":"standard","meta":{"footnotes":""},"categories":[142],"tags":[114,115,19033,19184,19034,14646,32,33,151,19032],"class_list":{"0":"post-171247","1":"post","2":"type-post","3":"status-publish","4":"format-standard","5":"has-post-thumbnail","7":"category-tv","8":"tag-entertainment","9":"tag-entretenimento","10":"tag-galas-em-video","11":"tag-marisa","12":"tag-melhores-momentos-casa-dos-segredos","13":"tag-pedro","14":"tag-portugal","15":"tag-pt","16":"tag-tv","17":"tag-videos-secret-story-tvi"},"share_on_mastodon":{"url":"https:\/\/pubeurope.com\/@pt\/115641487436663749","error":""},"_links":{"self":[{"href":"https:\/\/www.europesays.com\/pt\/wp-json\/wp\/v2\/posts\/171247","targetHints":{"allow":["GET"]}}],"collection":[{"href":"https:\/\/www.europesays.com\/pt\/wp-json\/wp\/v2\/posts"}],"about":[{"href":"https:\/\/www.europesays.com\/pt\/wp-json\/wp\/v2\/types\/post"}],"author":[{"embeddable":true,"href":"https:\/\/www.europesays.com\/pt\/wp-json\/wp\/v2\/users\/2"}],"replies":[{"embeddable":true,"href":"https:\/\/www.europesays.com\/pt\/wp-json\/wp\/v2\/comments?post=171247"}],"version-history":[{"count":0,"href":"https:\/\/www.europesays.com\/pt\/wp-json\/wp\/v2\/posts\/171247\/revisions"}],"wp:featuredmedia":[{"embeddable":true,"href":"https:\/\/www.europesays.com\/pt\/wp-json\/wp\/v2\/media\/171248"}],"wp:attachment":[{"href":"https:\/\/www.europesays.com\/pt\/wp-json\/wp\/v2\/media?parent=171247"}],"wp:term":[{"taxonomy":"category","embeddable":true,"href":"https:\/\/www.europesays.com\/pt\/wp-json\/wp\/v2\/categories?post=171247"},{"taxonomy":"post_tag","embeddable":true,"href":"https:\/\/www.europesays.com\/pt\/wp-json\/wp\/v2\/tags?post=171247"}],"curies":[{"name":"wp","href":"https:\/\/api.w.org\/{rel}","templated":true}]}}