{"id":171249,"date":"2025-12-01T00:31:13","date_gmt":"2025-12-01T00:31:13","guid":{"rendered":"https:\/\/www.europesays.com\/pt\/171249\/"},"modified":"2025-12-01T00:31:13","modified_gmt":"2025-12-01T00:31:13","slug":"filme-sobre-bolsonaro-tera-elenco-internacional","status":"publish","type":"post","link":"https:\/\/www.europesays.com\/pt\/171249\/","title":{"rendered":"filme sobre Bolsonaro ter\u00e1 elenco internacional"},"content":{"rendered":"<p>O ex-presidente Jair Bolsonaro ser\u00e1 tema do filme \u201cDark Horse\u201d. A produ\u00e7\u00e3o, que pretende revisitar a campanha presidencial de 2018 e a trajet\u00f3ria do ex-mandat\u00e1rio, avan\u00e7a com novas confirma\u00e7\u00f5es no elenco.<\/p>\n<p>Previsto para 2026, o filme reunir\u00e1 nomes de diferentes nacionalidades, incluindo um nome mexicano, o astro de \u201cA Paix\u00e3o de Cristo\u201d e um cineasta norte-americano. <\/p>\n<p>Veja os tamb\u00e9m:<\/p>\n<p>Marcus Ornellas viver\u00e1 Fl\u00e1vio Bolsonaro<\/p>\n<p>Marcus Ornellas, de 43 anos, foi escalado para interpretar o senador Fl\u00e1vio Bolsonaro (PL). Nascido no Brasil e residente no M\u00e9xico h\u00e1 duas d\u00e9cadas, a gal\u00e3 construiu uma carreira s\u00f3lida na Televisa e se tornou conhecida por pap\u00e9is em tramas populares no pa\u00eds. No Brasil, ele ganhou destaque ao protagonizar a novela Se Nos Deixam (2021), exibida pelo SBT.<\/p>\n<p>Edward Finlay como Eduardo Bolsonaro<\/p>\n<p>Outro nome envolvido na produ\u00e7\u00e3o \u00e9 o de Edward Finlay, que viver\u00e1 o deputado federal Eduardo Bolsonaro (PL). Nascido em Miami, o ator \u00e9 conhecido por suas participa\u00e7\u00f5es em filmes como \u201c+ Velozes + Furiosos\u201d (2003), \u201cBad Boys II\u201d (2003) e pela s\u00e9rie \u201cOcean Ave\u201d.<\/p>\n<p>Jim Caviezel cotado para acusar Jair Bolsonaro<\/p>\n<p>O papel de Jair Bolsonaro deve ficar com Jim Caviezel, ator americano de 57 anos que alcan\u00e7ou fama internacional ao interpretar Jesus em \u201cA Paix\u00e3o de Cristo\u201d (2004). Ele voltou aos holofotes com \u201cSom da Liberdade\u201d (2023), no qual viveu Tim Ballard. Caviezel tamb\u00e9m acumulou popularidade na televis\u00e3o com a s\u00e9rie \u201cPessoa de Interesse\u201d (2011-2016). Embora seu nome seja associado ao projeto desde agosto, ele ainda n\u00e3o confirmou oficialmente a participa\u00e7\u00e3o.<\/p>\n<p>Cineasta Cyrus Nowrasteh dirige o projeto<\/p>\n<p>A dire\u00e7\u00e3o fica a cargo do norte-americano Cyrus Nowrasteh, conhecido por produ\u00e7\u00f5es que dialogam com temas religiosos e pol\u00edticos. Entre seus trabalhos mais conhecidos est\u00e3o \u201cO Apedrejamento de Soraya M.\u201d (2008), \u201cO Jovem Messias\u201d (2016) e \u201cSequestro Internacional\u201d (2019) &#8211; este \u00faltimo estrelado justamente por Caviezel.<\/p>\n","protected":false},"excerpt":{"rendered":"O ex-presidente Jair Bolsonaro ser\u00e1 tema do filme \u201cDark Horse\u201d. A produ\u00e7\u00e3o, que pretende revisitar a campanha presidencial&hellip;\n","protected":false},"author":2,"featured_media":171250,"comment_status":"","ping_status":"","sticky":false,"template":"","format":"standard","meta":{"footnotes":""},"categories":[140],"tags":[3428,35893,114,115,147,148,1125,35894,146,32,33],"class_list":{"0":"post-171249","1":"post","2":"type-post","3":"status-publish","4":"format-standard","5":"has-post-thumbnail","7":"category-filmes","8":"tag-arte-agenda","9":"tag-dark-horse","10":"tag-entertainment","11":"tag-entretenimento","12":"tag-film","13":"tag-filmes","14":"tag-jair-bolsonaro","15":"tag-jim-caviezel","16":"tag-movies","17":"tag-portugal","18":"tag-pt"},"share_on_mastodon":{"url":"https:\/\/pubeurope.com\/@pt\/115641495480270396","error":""},"_links":{"self":[{"href":"https:\/\/www.europesays.com\/pt\/wp-json\/wp\/v2\/posts\/171249","targetHints":{"allow":["GET"]}}],"collection":[{"href":"https:\/\/www.europesays.com\/pt\/wp-json\/wp\/v2\/posts"}],"about":[{"href":"https:\/\/www.europesays.com\/pt\/wp-json\/wp\/v2\/types\/post"}],"author":[{"embeddable":true,"href":"https:\/\/www.europesays.com\/pt\/wp-json\/wp\/v2\/users\/2"}],"replies":[{"embeddable":true,"href":"https:\/\/www.europesays.com\/pt\/wp-json\/wp\/v2\/comments?post=171249"}],"version-history":[{"count":0,"href":"https:\/\/www.europesays.com\/pt\/wp-json\/wp\/v2\/posts\/171249\/revisions"}],"wp:featuredmedia":[{"embeddable":true,"href":"https:\/\/www.europesays.com\/pt\/wp-json\/wp\/v2\/media\/171250"}],"wp:attachment":[{"href":"https:\/\/www.europesays.com\/pt\/wp-json\/wp\/v2\/media?parent=171249"}],"wp:term":[{"taxonomy":"category","embeddable":true,"href":"https:\/\/www.europesays.com\/pt\/wp-json\/wp\/v2\/categories?post=171249"},{"taxonomy":"post_tag","embeddable":true,"href":"https:\/\/www.europesays.com\/pt\/wp-json\/wp\/v2\/tags?post=171249"}],"curies":[{"name":"wp","href":"https:\/\/api.w.org\/{rel}","templated":true}]}}