{"id":171251,"date":"2025-12-01T00:32:37","date_gmt":"2025-12-01T00:32:37","guid":{"rendered":"https:\/\/www.europesays.com\/pt\/171251\/"},"modified":"2025-12-01T00:32:37","modified_gmt":"2025-12-01T00:32:37","slug":"ii-liga-fc-porto-b-regressa-as-derrotas-e-mantem-ultimo-lugar","status":"publish","type":"post","link":"https:\/\/www.europesays.com\/pt\/171251\/","title":{"rendered":"II Liga: FC Porto B regressa \u00e0s derrotas e mant\u00e9m \u00faltimo lugar"},"content":{"rendered":"<p>O FC Porto B <a href=\"https:\/\/maisfutebol.iol.pt\/jogo\/fc-porto-b\/lusitania-lourosa\/13827901\" target=\"_blank\" rel=\"nofollow noopener\">somou a s\u00e9tima derrota em 12 jogos na II Liga<\/a>, a primeira nos \u00faltimos tr\u00eas encontros, na rece\u00e7\u00e3o ao Lusit\u00e2nia de Lourosa.<\/p>\n<p>Ap\u00f3s uma primeira parte sem golos e, diga-se, sem qualquer remate enquadrado com as respetivas balizas, os azuis e brancos, que contaram com Tom\u00e1s P\u00e9rez no onze, regressaram melhor dos balne\u00e1rios e colocaram-se em vantagem aos 54 minutos, por interm\u00e9dio de Yann Karamoh.<\/p>\n<p>Ainda assim, a resposta dos visitantes n\u00e3o se fez esperar e Fabinho restabeleceu a igualdade no marcador aos 59 minutos. S\u00f3 que tudo ficou mais dif\u00edcil para os comandados de Jo\u00e3o Brand\u00e3o a meio do segundo tempo, quando Felipe Silva viu o segundo amarelo e respetivo cart\u00e3o vermelho.<\/p>\n<p>A jogar com menos um, o FC Porto B n\u00e3o conseguiu conter as investidas do Lusit\u00e2nia de Lourosa, que completou a reviravolta no marcador j\u00e1 dentro dos \u00faltimos minutos e por interm\u00e9dio de Jo\u00e3o Vasco. At\u00e9 final, nota para a expuls\u00e3o de Lu\u00eds Rocha, tamb\u00e9m por acumula\u00e7\u00e3o de amarelos.<\/p>\n<p>Com este resultado, o <strong><a href=\"https:\/\/maisfutebol.iol.pt\/resultadoseclassificacoes\/291\/portugal\/segunda-liga\" rel=\"nofollow noopener\" target=\"_blank\">FC Porto B mant\u00e9m o \u00faltimo lugar da II Liga<\/a><\/strong>.<\/p>\n<p>No outro jogo que teve in\u00edcio \u00e0s 11h deste domingo, o Desp. Chaves foi at\u00e9 Torres Vedras vencer por 2-0, num jogo marcado por duas expuls\u00f5es no primeiro tempo, que facilitaram e muito a tarefa aos visitantes, e um pen\u00e1lti caricato (no m\u00ednimo).<\/p>\n<p>Stopira viu o vermelho direto aos 15 minutos e Milovanovic desperdi\u00e7ou pouco depois o castigo m\u00e1ximo, mas n\u00e3o \u00e9 assim t\u00e3o simples. Isto porque o jogador fez o golo ap\u00f3s ouvir um apito, n\u00e3o o do \u00e1rbitro, mas sim vindo das bancadas. Ora, na segunda tentativa, o guarda-redes defendeu e o jogo seguiu.<\/p>\n<p>J\u00e1 em cima do intervalo, Reinaldo teve mais uma oportunidade da marca dos 11 metros e foi feliz, dando vantagem ao Desp. Chaves, que ainda antes do recolher aos balne\u00e1rios ficou a jogar contra apenas nove jogadores, j\u00e1 que Andr\u00e9 Sim\u00f5es viu tamb\u00e9m ele o cart\u00e3o vermelho direto.<\/p>\n<p>O segundo tempo teve menos incid\u00eancias e houve apenas a destacar o golo tardio de Roberto (88 minutos), que confirmou a segunda vit\u00f3ria em tr\u00eas jogos para o conjunto flaviense, que chega assim aos 20 pontos e sobe (\u00e0 condi\u00e7\u00e3o) ao quarto lugar da II Liga.<\/p>\n","protected":false},"excerpt":{"rendered":"O FC Porto B somou a s\u00e9tima derrota em 12 jogos na II Liga, a primeira nos \u00faltimos&hellip;\n","protected":false},"author":2,"featured_media":171252,"comment_status":"","ping_status":"","sticky":false,"template":"","format":"standard","meta":{"footnotes":""},"categories":[87],"tags":[17795,135,2421,5919,5433,17554,46,32,33,47,4219,5434,5920,134,8473],"class_list":{"0":"post-171251","1":"post","2":"type-post","3":"status-publish","4":"format-standard","5":"has-post-thumbnail","7":"category-desporto","8":"tag-desp-chaves","9":"tag-desporto","10":"tag-fc-porto-b","11":"tag-ii-liga","12":"tag-jogos-hoje","13":"tag-lusitania-de-lourosa","14":"tag-maisfutebol","15":"tag-portugal","16":"tag-pt","17":"tag-pura-paixao","18":"tag-resultado-final","19":"tag-resultados-hoje","20":"tag-resultados-maisfutebol","21":"tag-sports","22":"tag-torreense"},"share_on_mastodon":{"url":"https:\/\/pubeurope.com\/@pt\/115641499363289877","error":""},"_links":{"self":[{"href":"https:\/\/www.europesays.com\/pt\/wp-json\/wp\/v2\/posts\/171251","targetHints":{"allow":["GET"]}}],"collection":[{"href":"https:\/\/www.europesays.com\/pt\/wp-json\/wp\/v2\/posts"}],"about":[{"href":"https:\/\/www.europesays.com\/pt\/wp-json\/wp\/v2\/types\/post"}],"author":[{"embeddable":true,"href":"https:\/\/www.europesays.com\/pt\/wp-json\/wp\/v2\/users\/2"}],"replies":[{"embeddable":true,"href":"https:\/\/www.europesays.com\/pt\/wp-json\/wp\/v2\/comments?post=171251"}],"version-history":[{"count":0,"href":"https:\/\/www.europesays.com\/pt\/wp-json\/wp\/v2\/posts\/171251\/revisions"}],"wp:featuredmedia":[{"embeddable":true,"href":"https:\/\/www.europesays.com\/pt\/wp-json\/wp\/v2\/media\/171252"}],"wp:attachment":[{"href":"https:\/\/www.europesays.com\/pt\/wp-json\/wp\/v2\/media?parent=171251"}],"wp:term":[{"taxonomy":"category","embeddable":true,"href":"https:\/\/www.europesays.com\/pt\/wp-json\/wp\/v2\/categories?post=171251"},{"taxonomy":"post_tag","embeddable":true,"href":"https:\/\/www.europesays.com\/pt\/wp-json\/wp\/v2\/tags?post=171251"}],"curies":[{"name":"wp","href":"https:\/\/api.w.org\/{rel}","templated":true}]}}