{"id":171259,"date":"2025-12-01T00:36:48","date_gmt":"2025-12-01T00:36:48","guid":{"rendered":"https:\/\/www.europesays.com\/pt\/171259\/"},"modified":"2025-12-01T00:36:48","modified_gmt":"2025-12-01T00:36:48","slug":"do-abono-ao-subsidio-de-desemprego-saiba-quanto-vao-subir-em-2026","status":"publish","type":"post","link":"https:\/\/www.europesays.com\/pt\/171259\/","title":{"rendered":"Do abono ao subs\u00eddio de desemprego. Saiba quanto v\u00e3o subir em 2026"},"content":{"rendered":"<p data-remotead-prev-elm=\"true\" data-remotead-elm-id=\"inread\">O Indexante dos Apoios Sociais (IAS), que serve de refer\u00eancia para a Seguran\u00e7a Social calcular v\u00e1rias presta\u00e7\u00f5es sociais, vai subir no pr\u00f3ximo ano para de 537,13 euros, segundo os c\u00e1lculos da Lusa.<\/p>\n<p>A f\u00f3rmula de atualiza\u00e7\u00e3o do IAS tem em conta a taxa de crescimento m\u00e9dio anual do Produto Interno Bruto (PIB) nos \u00faltimos dois anos, terminados no 3.\u00ba trimestre, bem como a infla\u00e7\u00e3o m\u00e9dia dos \u00faltimos 12 meses, sem habita\u00e7\u00e3o, referente a novembro.<\/p>\n<p>Deste modo, com base nos dados divulgados hoje pelo Instituto Nacional de Estat\u00edstica (INE), e tendo em conta que a atualiza\u00e7\u00e3o \u00e9 arredondada \u00e0 primeira casa decimal, o IAS vai subir 2,8% em 2026 para 537,13 euros, segundo os c\u00e1lculos da Lusa.<\/p>\n<p data-remotead-prev-elm=\"true\" data-remotead-elm-id=\"centro1\">Trata-se de um aumento de 14,63 euros face aos atuais 522,50 euros atualmente em vigor.<\/p>\n<p>O IAS serve de base a um grande n\u00famero de presta\u00e7\u00f5es sociais, nomeadamente no que toca ao subs\u00eddio por doen\u00e7a, subs\u00eddio de desemprego ou o rendimento social de inser\u00e7\u00e3o, bem como para o abono de fam\u00edlia, acesso a bolsas de estudo, ou para o complemento solid\u00e1rio para idosos, entre outras.<\/p>\n","protected":false},"excerpt":{"rendered":"O Indexante dos Apoios Sociais (IAS), que serve de refer\u00eancia para a Seguran\u00e7a Social calcular v\u00e1rias presta\u00e7\u00f5es sociais,&hellip;\n","protected":false},"author":2,"featured_media":171260,"comment_status":"","ping_status":"","sticky":false,"template":"","format":"standard","meta":{"footnotes":""},"categories":[83],"tags":[35896,12076,88,20491,89,90,28448,35895,32,33],"class_list":{"0":"post-171259","1":"post","2":"type-post","3":"status-publish","4":"format-standard","5":"has-post-thumbnail","7":"category-empresas","8":"tag-abono","9":"tag-apoios","10":"tag-business","11":"tag-delas","12":"tag-economy","13":"tag-empresas","14":"tag-ias","15":"tag-indexante-apoio-social","16":"tag-portugal","17":"tag-pt"},"share_on_mastodon":{"url":"https:\/\/pubeurope.com\/@pt\/115641518875715412","error":""},"_links":{"self":[{"href":"https:\/\/www.europesays.com\/pt\/wp-json\/wp\/v2\/posts\/171259","targetHints":{"allow":["GET"]}}],"collection":[{"href":"https:\/\/www.europesays.com\/pt\/wp-json\/wp\/v2\/posts"}],"about":[{"href":"https:\/\/www.europesays.com\/pt\/wp-json\/wp\/v2\/types\/post"}],"author":[{"embeddable":true,"href":"https:\/\/www.europesays.com\/pt\/wp-json\/wp\/v2\/users\/2"}],"replies":[{"embeddable":true,"href":"https:\/\/www.europesays.com\/pt\/wp-json\/wp\/v2\/comments?post=171259"}],"version-history":[{"count":0,"href":"https:\/\/www.europesays.com\/pt\/wp-json\/wp\/v2\/posts\/171259\/revisions"}],"wp:featuredmedia":[{"embeddable":true,"href":"https:\/\/www.europesays.com\/pt\/wp-json\/wp\/v2\/media\/171260"}],"wp:attachment":[{"href":"https:\/\/www.europesays.com\/pt\/wp-json\/wp\/v2\/media?parent=171259"}],"wp:term":[{"taxonomy":"category","embeddable":true,"href":"https:\/\/www.europesays.com\/pt\/wp-json\/wp\/v2\/categories?post=171259"},{"taxonomy":"post_tag","embeddable":true,"href":"https:\/\/www.europesays.com\/pt\/wp-json\/wp\/v2\/tags?post=171259"}],"curies":[{"name":"wp","href":"https:\/\/api.w.org\/{rel}","templated":true}]}}