{"id":171261,"date":"2025-12-01T00:38:11","date_gmt":"2025-12-01T00:38:11","guid":{"rendered":"https:\/\/www.europesays.com\/pt\/171261\/"},"modified":"2025-12-01T00:38:11","modified_gmt":"2025-12-01T00:38:11","slug":"o-mirante-um-dos-jovens-que-morreram-na-barragem-do-cabril-e-da-zona-de-santarem","status":"publish","type":"post","link":"https:\/\/www.europesays.com\/pt\/171261\/","title":{"rendered":"O MIRANTE | Um dos jovens que morreram na Barragem do Cabril \u00e9 da zona de Santar\u00e9m"},"content":{"rendered":"<p>     <img decoding=\"async\" src=\"https:\/\/www.europesays.com\/pt\/wp-content\/uploads\/2025\/12\/mw-900.webp\" alt=\"Um dos jovens que morreram na Barragem do Cabril \u00e9 da zona de Santar\u00e9m\" title=\"Um dos jovens que morreram na Barragem do Cabril \u00e9 da zona de Santar\u00e9m\"\/>   <\/p>\n<p>Um casal de jovens na casa dos vinte anos morreu no s\u00e1bado, 29 de Novembro, quando a viatura em que se encontravam caiu \u00e0 \u00e1gua na praia fluvial de Pedr\u00f3g\u00e3o Grande, na albufeira da barragem do Cabril.<\/p>\n<p>Um casal de jovens na casa dos vinte anos morreu no s\u00e1bado, 29 de Novembro, quando a viatura em que se encontravam caiu \u00e0 \u00e1gua na praia fluvial de Pedr\u00f3g\u00e3o Grande, na albufeira da barragem do Cabril. Segundo foi divulgado por diversos \u00f3rg\u00e3os de comunica\u00e7\u00e3o social, o jovem de 22 anos era da zona de Santar\u00e9m e a rapariga com quem estava era do norte do pa\u00eds.<\/p>\n<p>De acordo com o Comando Sub-Regional de Emerg\u00eancia e Prote\u00e7\u00e3o Civil de Leiria, o alerta do acidente foi dado cerca das 21h30 de s\u00e1bado, com a indica\u00e7\u00e3o de que um ve\u00edculo tinha ca\u00eddo naquela praia fluvial junto \u00e0 barragem do Cabril, no rio Z\u00eazere.<\/p>\n<p>Com o aux\u00edlio de uma equipa de mergulhadores, os corpos dos dois jovens foram resgatados da viatura submersa e o \u00f3bito foi declarado \u00e0s 23h53.No local estiveram 16 operacionais, dos bombeiros de Pedr\u00f3g\u00e3o Grande, GNR, INEM, Protec\u00e7\u00e3o Civil e dos mergulhadores de Cernache do Bonjardim. A Pol\u00edcia Judici\u00e1ria est\u00e1 a investigar as causas da ocorr\u00eancia fatal.<\/p>\n","protected":false},"excerpt":{"rendered":"Um casal de jovens na casa dos vinte anos morreu no s\u00e1bado, 29 de Novembro, quando a viatura&hellip;\n","protected":false},"author":2,"featured_media":50680,"comment_status":"","ping_status":"","sticky":false,"template":"","format":"standard","meta":{"footnotes":""},"categories":[10],"tags":[27,28,15,16,14,6569,6568,25,26,21,22,12,13,19,20,32,23,24,33,3551,5314,17,18,29,30,31],"class_list":{"0":"post-171261","1":"post","2":"type-post","3":"status-publish","4":"format-standard","5":"has-post-thumbnail","7":"category-portugal","8":"tag-breaking-news","9":"tag-breakingnews","10":"tag-featured-news","11":"tag-featurednews","12":"tag-headlines","13":"tag-jornal-regional","14":"tag-jornalismo-de-proximidade","15":"tag-latest-news","16":"tag-latestnews","17":"tag-main-news","18":"tag-mainnews","19":"tag-news","20":"tag-noticias","21":"tag-noticias-principais","22":"tag-noticiasprincipais","23":"tag-portugal","24":"tag-principais-noticias","25":"tag-principaisnoticias","26":"tag-pt","27":"tag-regiao","28":"tag-ribatejo","29":"tag-top-stories","30":"tag-topstories","31":"tag-ultimas","32":"tag-ultimas-noticias","33":"tag-ultimasnoticias"},"share_on_mastodon":{"url":"https:\/\/pubeurope.com\/@pt\/115641523048182568","error":""},"_links":{"self":[{"href":"https:\/\/www.europesays.com\/pt\/wp-json\/wp\/v2\/posts\/171261","targetHints":{"allow":["GET"]}}],"collection":[{"href":"https:\/\/www.europesays.com\/pt\/wp-json\/wp\/v2\/posts"}],"about":[{"href":"https:\/\/www.europesays.com\/pt\/wp-json\/wp\/v2\/types\/post"}],"author":[{"embeddable":true,"href":"https:\/\/www.europesays.com\/pt\/wp-json\/wp\/v2\/users\/2"}],"replies":[{"embeddable":true,"href":"https:\/\/www.europesays.com\/pt\/wp-json\/wp\/v2\/comments?post=171261"}],"version-history":[{"count":0,"href":"https:\/\/www.europesays.com\/pt\/wp-json\/wp\/v2\/posts\/171261\/revisions"}],"wp:featuredmedia":[{"embeddable":true,"href":"https:\/\/www.europesays.com\/pt\/wp-json\/wp\/v2\/media\/50680"}],"wp:attachment":[{"href":"https:\/\/www.europesays.com\/pt\/wp-json\/wp\/v2\/media?parent=171261"}],"wp:term":[{"taxonomy":"category","embeddable":true,"href":"https:\/\/www.europesays.com\/pt\/wp-json\/wp\/v2\/categories?post=171261"},{"taxonomy":"post_tag","embeddable":true,"href":"https:\/\/www.europesays.com\/pt\/wp-json\/wp\/v2\/tags?post=171261"}],"curies":[{"name":"wp","href":"https:\/\/api.w.org\/{rel}","templated":true}]}}