{"id":171262,"date":"2025-12-01T00:39:15","date_gmt":"2025-12-01T00:39:15","guid":{"rendered":"https:\/\/www.europesays.com\/pt\/171262\/"},"modified":"2025-12-01T00:39:15","modified_gmt":"2025-12-01T00:39:15","slug":"jose-manuel-pureza-defende-novo-rumo-politico-para-portugal","status":"publish","type":"post","link":"https:\/\/www.europesays.com\/pt\/171262\/","title":{"rendered":"Jos\u00e9 Manuel Pureza defende novo rumo pol\u00edtico para Portugal"},"content":{"rendered":"<p>Jos\u00e9 Manuel Pureza disse que o Bloco est\u00e1 disposto a dialogar com os restantes partidos da esquerda. &#8220;Contem connosco para isso.\u00a0Sabemos rimar igualdade com unidade.\u00a0<strong>Estaremos onde for necess\u00e1rio, com quem pensa diferente de n\u00f3s, mas que esteja sintonizado\u00a0no combate ao governo mais \u00e0 direita\u00a0que este pa\u00eds j\u00e1 teve\u00a0depois do 25 de Abril.&#8221;<\/strong><\/p>\n<p>&#8220;S\u00e3o as garantias da pol\u00edtica\u00a0que dialoga com quem n\u00e3o pensa\u00a0como n\u00f3s sobre todos os assuntos,\u00a0da pol\u00edtica que n\u00e3o nos fecha\u00a0sobre n\u00f3s pr\u00f3prios.\u00a0<strong>Essa abertura e essa firmeza\u00a0deram frutos no passado<\/strong>, sabemos bem, e abriram caminho a algumas das maiores vit\u00f3rias\u00a0que este pa\u00eds viveu depois do 25 de Abril&#8221;, acrescentou.<\/p>\n<p><strong>&#8220;Queremos uma esquerda de pontes que saiba\u00a0dialogar, que encontre\u00a0converg\u00eancias<\/strong>,\u00a0que nunca esque\u00e7a as prioridades,\u00a0que olhe para o futuro&#8221;, afirmou Jos\u00e9 Manuel Pureza. <\/p>\n<p>O novo l\u00edder do Bloco criticou a lei laboral que o Governo &#8220;aprovar\u00e1 com o Chega&#8221;, e defendeu que <strong>&#8220;\u00e9 preciso outro caminho\u00a0e esse outro caminho\u00a0come\u00e7a\u00a0\u00a0na greve geral\u00a0de 11 de dezembro&#8221;.<\/strong> <\/p>\n<p>E disse que o partido &#8220;solidariza-se\u00a0por inteiro\u00a0com quem, mesmo com\u00a0todas as dificuldades da vida,\u00a0escolhe perder parte do seu\u00a0sal\u00e1rio para defender\u00a0o sal\u00e1rio de todos&#8221;. <\/p>\n<p>Defendeu que a for\u00e7a da greve geral advir\u00e1 de se juntarem a ela os <strong>jovens prec\u00e1rios, os ativistas pelo clima e os trabalhadores imigrantes<\/strong> que s\u00e3o &#8220;duplamente espezinhados nos seus direitos&#8221;. <\/p>\n<p>Jos\u00e9 Manuel Pureza apontou tamb\u00e9m para a reorganiza\u00e7\u00e3o do partido, tal como defenderam ontem dois dos fundadores, Fernando Rosas e Francisco Lou\u00e7\u00e3. <strong>&#8220;Mais milit\u00e2ncia, mais bem organizada, mais escuta, mas democracia, melhor entrosamento com as lutas\u00a0e os movimentos.<\/strong> Digo-vos aquilo que penso\u00a0sem hesita\u00e7\u00f5es, sem tibiezas. O Bloco\u00a0precisa mesmo de mudar\u00a0o seu funcionamento interno\u00a0para juntar \u00e0 democracia formal, da qual nos orgulhamos, a participa\u00e7\u00e3o militante\u00a0que a concretiza.&#8221;<\/p>\n","protected":false},"excerpt":{"rendered":"Jos\u00e9 Manuel Pureza disse que o Bloco est\u00e1 disposto a dialogar com os restantes partidos da esquerda. &#8220;Contem&hellip;\n","protected":false},"author":2,"featured_media":171263,"comment_status":"","ping_status":"","sticky":false,"template":"","format":"standard","meta":{"footnotes":""},"categories":[8],"tags":[454,27,28,15,16,14,28935,25,26,21,22,12,13,19,20,32,23,24,33,17,18,29,30,31,35897],"class_list":{"0":"post-171262","1":"post","2":"type-post","3":"status-publish","4":"format-standard","5":"has-post-thumbnail","7":"category-principais-noticias","8":"tag-bloco-de-esquerda","9":"tag-breaking-news","10":"tag-breakingnews","11":"tag-featured-news","12":"tag-featurednews","13":"tag-headlines","14":"tag-jose-manuel-pureza","15":"tag-latest-news","16":"tag-latestnews","17":"tag-main-news","18":"tag-mainnews","19":"tag-news","20":"tag-noticias","21":"tag-noticias-principais","22":"tag-noticiasprincipais","23":"tag-portugal","24":"tag-principais-noticias","25":"tag-principaisnoticias","26":"tag-pt","27":"tag-top-stories","28":"tag-topstories","29":"tag-ultimas","30":"tag-ultimas-noticias","31":"tag-ultimasnoticias","32":"tag-xiv-convencao-do-bloco-de-esquerda"},"share_on_mastodon":{"url":"https:\/\/pubeurope.com\/@pt\/115641526807164677","error":""},"_links":{"self":[{"href":"https:\/\/www.europesays.com\/pt\/wp-json\/wp\/v2\/posts\/171262","targetHints":{"allow":["GET"]}}],"collection":[{"href":"https:\/\/www.europesays.com\/pt\/wp-json\/wp\/v2\/posts"}],"about":[{"href":"https:\/\/www.europesays.com\/pt\/wp-json\/wp\/v2\/types\/post"}],"author":[{"embeddable":true,"href":"https:\/\/www.europesays.com\/pt\/wp-json\/wp\/v2\/users\/2"}],"replies":[{"embeddable":true,"href":"https:\/\/www.europesays.com\/pt\/wp-json\/wp\/v2\/comments?post=171262"}],"version-history":[{"count":0,"href":"https:\/\/www.europesays.com\/pt\/wp-json\/wp\/v2\/posts\/171262\/revisions"}],"wp:featuredmedia":[{"embeddable":true,"href":"https:\/\/www.europesays.com\/pt\/wp-json\/wp\/v2\/media\/171263"}],"wp:attachment":[{"href":"https:\/\/www.europesays.com\/pt\/wp-json\/wp\/v2\/media?parent=171262"}],"wp:term":[{"taxonomy":"category","embeddable":true,"href":"https:\/\/www.europesays.com\/pt\/wp-json\/wp\/v2\/categories?post=171262"},{"taxonomy":"post_tag","embeddable":true,"href":"https:\/\/www.europesays.com\/pt\/wp-json\/wp\/v2\/tags?post=171262"}],"curies":[{"name":"wp","href":"https:\/\/api.w.org\/{rel}","templated":true}]}}