{"id":171279,"date":"2025-12-01T00:52:19","date_gmt":"2025-12-01T00:52:19","guid":{"rendered":"https:\/\/www.europesays.com\/pt\/171279\/"},"modified":"2025-12-01T00:52:19","modified_gmt":"2025-12-01T00:52:19","slug":"grupo-de-homens-agrediu-seguranca-da-urgencia-do-hospital-de-santo-tirso","status":"publish","type":"post","link":"https:\/\/www.europesays.com\/pt\/171279\/","title":{"rendered":"Grupo de homens agrediu seguran\u00e7a da urg\u00eancia do Hospital de Santo Tirso"},"content":{"rendered":"<p data-remotead-prev-elm=\"true\" data-remotead-elm-id=\"inread\">Ao JN, uma testemunha dos desacatos, que preferiu manter o anonimato por receio de repres\u00e1lias, disse ter contado &#8220;seis carros&#8221;, que foram parando \u00e0 porta do hospital e de onde sa\u00edram &#8220;v\u00e1rios homens&#8221;, que &#8220;for\u00e7aram a entrada no hospital&#8221;.<\/p>\n<p>Os desacatos ocorreram pouco depois das 21.30 horas e, segundo fonte do Comando Metropolitano da PSP, envolveram &#8220;um grupo de cerca de 20 homens&#8221;, que queriam for\u00e7ar o atendimento de um homem que estava embriagado. Ao serem confrontados com o cumprimento das regras estabelecidas, como o registo da entrada do utente no servi\u00e7o e a espera pela respetiva vez, os homens come\u00e7aram a provocar desacatos, batendo nos vidros e amea\u00e7ando os seguran\u00e7as.<br \/>Com receio de serem agredidos, os funcion\u00e1rios que se encontravam na unidade refugiaram-se em gabinetes e casas de banho. Os homens acabaram por agredir um seguran\u00e7a do servi\u00e7o, a quem desferiram uma pancada na cabe\u00e7a, fazendo com que perdesse os sentidos. O profissional teve de ser assistido na unidade.<\/p>\n<p>Depois de deixarem o seguran\u00e7a inanimado, os indiv\u00edduos acabaram por abandonar o hospital, para onde foram, entretanto, acionados meios da PSP e da GNR.<\/p>\n","protected":false},"excerpt":{"rendered":"Ao JN, uma testemunha dos desacatos, que preferiu manter o anonimato por receio de repres\u00e1lias, disse ter contado&hellip;\n","protected":false},"author":2,"featured_media":171280,"comment_status":"","ping_status":"","sticky":false,"template":"","format":"standard","meta":{"footnotes":""},"categories":[10],"tags":[5571,27,28,19641,15,16,14,35900,25,26,21,22,12,13,19,20,32,23,24,33,17,18,29,30,31],"class_list":{"0":"post-171279","1":"post","2":"type-post","3":"status-publish","4":"format-standard","5":"has-post-thumbnail","7":"category-portugal","8":"tag-agressao","9":"tag-breaking-news","10":"tag-breakingnews","11":"tag-concelho-santo-tirso","12":"tag-featured-news","13":"tag-featurednews","14":"tag-headlines","15":"tag-hospital-de-santo-tirso","16":"tag-latest-news","17":"tag-latestnews","18":"tag-main-news","19":"tag-mainnews","20":"tag-news","21":"tag-noticias","22":"tag-noticias-principais","23":"tag-noticiasprincipais","24":"tag-portugal","25":"tag-principais-noticias","26":"tag-principaisnoticias","27":"tag-pt","28":"tag-top-stories","29":"tag-topstories","30":"tag-ultimas","31":"tag-ultimas-noticias","32":"tag-ultimasnoticias"},"share_on_mastodon":{"url":"https:\/\/pubeurope.com\/@pt\/115641577832273616","error":""},"_links":{"self":[{"href":"https:\/\/www.europesays.com\/pt\/wp-json\/wp\/v2\/posts\/171279","targetHints":{"allow":["GET"]}}],"collection":[{"href":"https:\/\/www.europesays.com\/pt\/wp-json\/wp\/v2\/posts"}],"about":[{"href":"https:\/\/www.europesays.com\/pt\/wp-json\/wp\/v2\/types\/post"}],"author":[{"embeddable":true,"href":"https:\/\/www.europesays.com\/pt\/wp-json\/wp\/v2\/users\/2"}],"replies":[{"embeddable":true,"href":"https:\/\/www.europesays.com\/pt\/wp-json\/wp\/v2\/comments?post=171279"}],"version-history":[{"count":0,"href":"https:\/\/www.europesays.com\/pt\/wp-json\/wp\/v2\/posts\/171279\/revisions"}],"wp:featuredmedia":[{"embeddable":true,"href":"https:\/\/www.europesays.com\/pt\/wp-json\/wp\/v2\/media\/171280"}],"wp:attachment":[{"href":"https:\/\/www.europesays.com\/pt\/wp-json\/wp\/v2\/media?parent=171279"}],"wp:term":[{"taxonomy":"category","embeddable":true,"href":"https:\/\/www.europesays.com\/pt\/wp-json\/wp\/v2\/categories?post=171279"},{"taxonomy":"post_tag","embeddable":true,"href":"https:\/\/www.europesays.com\/pt\/wp-json\/wp\/v2\/tags?post=171279"}],"curies":[{"name":"wp","href":"https:\/\/api.w.org\/{rel}","templated":true}]}}