{"id":171281,"date":"2025-12-01T00:54:17","date_gmt":"2025-12-01T00:54:17","guid":{"rendered":"https:\/\/www.europesays.com\/pt\/171281\/"},"modified":"2025-12-01T00:54:17","modified_gmt":"2025-12-01T00:54:17","slug":"matt-damon-implorou-mas-christopher-nolan-nao-teve-piedade-a-prova-maxima-de-realismo-dos-filmes-do-cineasta-estara-em-a-odisseia-noticias-de-cinema","status":"publish","type":"post","link":"https:\/\/www.europesays.com\/pt\/171281\/","title":{"rendered":"Matt Damon implorou, mas Christopher Nolan n\u00e3o teve piedade: A prova m\u00e1xima de realismo dos filmes do cineasta estar\u00e1 em A Odisseia &#8211; Not\u00edcias de cinema"},"content":{"rendered":"<p>No longa-metragem, Damon interpreta o personagem protagonista, Odisseu, o lend\u00e1rio rei grego de \u00cdtaca.<\/p>\n<p>    <img loading=\"lazy\" decoding=\"async\" class=\"article-figure-img\" width=\"654\" height=\"368\" src=\"https:\/\/www.europesays.com\/pt\/wp-content\/uploads\/2025\/12\/290a347ce7757191aa0cd92c53c1d120.jpg\"\/><\/p>\n<p>        Universal Pictures<\/p>\n<p class=\"bo-p\"><a href=\"https:\/\/www.adorocinema.com\/personalidades\/personalidade-30367\/\" class=\"bo-link\" rel=\"nofollow noopener\" target=\"_blank\">Christopher Nolan<\/a> \u00e9 conhecido pelo alto n\u00edvel de exig\u00eancia nos sets de filmagem, onde preza por precis\u00e3o t\u00e9cnica, performances intensas e um n\u00edvel de detalhamento que frequentemente leva sua equipe <a href=\"https:\/\/www.adorocinema.com\/noticias\/filmes\/noticia-1000172840\/\" class=\"bo-link\" rel=\"nofollow noopener\" target=\"_blank\">a superar limites criativos e log\u00edsticos<\/a>. No desenvolvimento de seu pr\u00f3ximo longa-metragem, <a href=\"https:\/\/www.adorocinema.com\/filmes\/filme-1000013045\/\" class=\"bo-link\" rel=\"nofollow noopener\" target=\"_blank\">A Odisseia<\/a>, quem sofreu com o cineasta foi <a href=\"https:\/\/www.adorocinema.com\/personalidades\/personalidade-1192\/\" class=\"bo-link\" rel=\"nofollow noopener\" target=\"_blank\">Matt Damon<\/a>, conforme ele pr\u00f3prio admitiu durante uma entrevista recente.<\/p>\n<p class=\"bo-p\">Em conversa com a revista Empire, Damon compartilhou a experi\u00eancia singular de trabalhar com Nolan. O ator relembrou a inseguran\u00e7a que sentiu em rela\u00e7\u00e3o \u00e0 capacidade de deixar a barba crescer, um movimento que foi necess\u00e1rio para interpretar seu personagem Odisseu, o lend\u00e1rio rei grego de \u00cdtaca.<\/p>\n<p class=\"bo-p\">\u201cEu nunca tinha tentado deixar a barba crescer tanto. Quer dizer, tem umas cem coisas que poderiam me impedir de ter barba por fazer, come\u00e7ando pelos meus filhos\u201d, come\u00e7ou Damon. &#8220;Christopher insistiu em barba real para o filme, ele quer tudo de verdade\u201d, acrescentou.<\/p>\n<p class=\"bo-p\">Nolan ent\u00e3o explicou o motivo para negar o pedido de Damon para utilizar uma barba falsa:<\/p>\n<p class=\"bo-p\">\u201cN\u00e3o sou grande f\u00e3 de perucas e barbas posti\u00e7as. Voc\u00ea quer a fisicalidade de cabelo de verdade, para que voc\u00ea possa jogar um mangueir\u00e3o de \u00e1gua no cara e fazer todas as coisas que precisamos que ele fa\u00e7a.\u201d<\/p>\n<p>                                <img loading=\"lazy\" decoding=\"async\" class=\"article-figure-img\" matt=\"\" damon=\"\" e=\"\" sua=\"\" barba=\"\" durante=\"\" as=\"\" grava=\"\" src=\"https:\/\/www.europesays.com\/pt\/wp-content\/uploads\/2025\/12\/a74e8af0d6b21931a54c9cd29de1b69d.jpg\" width=\"640\" height=\"320\" alt=\"Matt Damon e sua barba durante as grava\u00e7\u00f5es\"\/><\/p>\n<p>                                    People<\/p>\n<p>                    Matt Damon e sua barba durante as grava\u00e7\u00f5es<\/p>\n<p>    <a class=\"cms-see-also\" data-title=\"Link relacionado\" href=\"https:\/\/www.adorocinema.com\/noticias\/filmes\/noticia-1000174555\/\" rel=\"nofollow noopener\" target=\"_blank\">&#8220;Teria sido fascinante v\u00ea-lo lan\u00e7ado depois de Os Vingadores&#8221;: Christopher Nolan acredita que este filme de super-her\u00f3is da DC esteve \u00e0 frente do seu tempo<\/a><br \/>\nQUAL \u00c9 A HIST\u00d3RIA DE A ODISSEIA?<\/p>\n<p class=\"bo-p\">Baseada no poema \u00e9pico atribu\u00eddo a Homero, a trama acompanha as aventuras do her\u00f3i grego Odisseu, que retorna para casa ap\u00f3s a Guerra de Tr\u00f3ia. Durante dez anos, ele enfrenta criaturas m\u00edticas como o Ciclope Polifemo e a feiticeira Circe, al\u00e9m de obst\u00e1culos impostos pelos deuses. Paralelamente, em \u00cdtaca, sua esposa, Pen\u00e9lope, precisa lidar com pretendentes que invadiram o pal\u00e1cio na esperan\u00e7a de se casar com ela.<\/p>\n<p class=\"bo-p\">Al\u00e9m de Damon, o elenco \u00e9 composto por <a href=\"https:\/\/www.adorocinema.com\/personalidades\/personalidade-588862\/\" class=\"bo-link\" rel=\"nofollow noopener\" target=\"_blank\">Tom Holland<\/a>, <a href=\"https:\/\/www.adorocinema.com\/personalidades\/personalidade-12563\/\" class=\"bo-link\" rel=\"nofollow noopener\" target=\"_blank\">Charlize Theron<\/a>, <a href=\"https:\/\/www.adorocinema.com\/personalidades\/personalidade-65719\/\" class=\"bo-link\" rel=\"nofollow noopener\" target=\"_blank\">Anne Hathaway<\/a>, <a href=\"https:\/\/www.adorocinema.com\/personalidades\/personalidade-512064\/\" class=\"bo-link\" rel=\"nofollow noopener\" target=\"_blank\">Zendaya<\/a>, <a href=\"https:\/\/www.adorocinema.com\/personalidades\/personalidade-97604\/\" class=\"bo-link\" rel=\"nofollow noopener\" target=\"_blank\">Robert Pattinson<\/a>, <a href=\"https:\/\/www.adorocinema.com\/personalidades\/personalidade-582633\/\" class=\"bo-link\" rel=\"nofollow noopener\" target=\"_blank\">Lupita Nyong&#8217;o<\/a>, <a href=\"https:\/\/www.adorocinema.com\/personalidades\/personalidade-659733\/\" class=\"bo-link\" rel=\"nofollow noopener\" target=\"_blank\">Mia Goth<\/a> e mais.<\/p>\n","protected":false},"excerpt":{"rendered":"No longa-metragem, Damon interpreta o personagem protagonista, Odisseu, o lend\u00e1rio rei grego de \u00cdtaca. Universal Pictures Christopher Nolan&hellip;\n","protected":false},"author":2,"featured_media":171282,"comment_status":"","ping_status":"","sticky":false,"template":"","format":"standard","meta":{"footnotes":""},"categories":[145],"tags":[4742,211,210,114,115,32,33],"class_list":{"0":"post-171281","1":"post","2":"type-post","3":"status-publish","4":"format-standard","5":"has-post-thumbnail","7":"category-celebridades","8":"tag-barba","9":"tag-celebridades","10":"tag-celebrities","11":"tag-entertainment","12":"tag-entretenimento","13":"tag-portugal","14":"tag-pt"},"share_on_mastodon":{"url":"https:\/\/pubeurope.com\/@pt\/115641586183426850","error":""},"_links":{"self":[{"href":"https:\/\/www.europesays.com\/pt\/wp-json\/wp\/v2\/posts\/171281","targetHints":{"allow":["GET"]}}],"collection":[{"href":"https:\/\/www.europesays.com\/pt\/wp-json\/wp\/v2\/posts"}],"about":[{"href":"https:\/\/www.europesays.com\/pt\/wp-json\/wp\/v2\/types\/post"}],"author":[{"embeddable":true,"href":"https:\/\/www.europesays.com\/pt\/wp-json\/wp\/v2\/users\/2"}],"replies":[{"embeddable":true,"href":"https:\/\/www.europesays.com\/pt\/wp-json\/wp\/v2\/comments?post=171281"}],"version-history":[{"count":0,"href":"https:\/\/www.europesays.com\/pt\/wp-json\/wp\/v2\/posts\/171281\/revisions"}],"wp:featuredmedia":[{"embeddable":true,"href":"https:\/\/www.europesays.com\/pt\/wp-json\/wp\/v2\/media\/171282"}],"wp:attachment":[{"href":"https:\/\/www.europesays.com\/pt\/wp-json\/wp\/v2\/media?parent=171281"}],"wp:term":[{"taxonomy":"category","embeddable":true,"href":"https:\/\/www.europesays.com\/pt\/wp-json\/wp\/v2\/categories?post=171281"},{"taxonomy":"post_tag","embeddable":true,"href":"https:\/\/www.europesays.com\/pt\/wp-json\/wp\/v2\/tags?post=171281"}],"curies":[{"name":"wp","href":"https:\/\/api.w.org\/{rel}","templated":true}]}}