{"id":171298,"date":"2025-12-01T01:16:35","date_gmt":"2025-12-01T01:16:35","guid":{"rendered":"https:\/\/www.europesays.com\/pt\/171298\/"},"modified":"2025-12-01T01:16:35","modified_gmt":"2025-12-01T01:16:35","slug":"como-ganhamos-eu-sou-um-fenomeno-e-o-abel-nao-vale-nada","status":"publish","type":"post","link":"https:\/\/www.europesays.com\/pt\/171298\/","title":{"rendered":"\u00abComo ganh\u00e1mos eu sou um fen\u00f3meno e o Abel n\u00e3o vale nada\u00bb"},"content":{"rendered":"<p>&#8211; Advertisement &#8211;<\/p>\n<p><strong>Filipe Lu\u00eds analisou a final da Ta\u00e7a Libertadores ganha. O Flamengo venceu o Palmeiras por 1-0 na final da prova. <\/strong><\/p>\n<p>Na final disputada em Lima, <a href=\"https:\/\/bolanarede.pt\/especial-bola-na-rede\/atualidade\/flamengo-vence-palmeiras-de-abel-ferreira-e-conquista-taca-libertadores\/\" target=\"_blank\" rel=\"noreferrer noopener nofollow\">o Flamengo venceu o Palmeiras por 1-0. <\/a>Depois do jogo, Filipe Lu\u00eds analisou a vit\u00f3ria do rubro-negro e falou do jogo. <\/p>\n<p>\u00abSempre pensei grande, sempre pensei em conquistar grande. O\u00a0Flamengo\u00a0deu-me essa possibilidade, sinto-me privilegiado. Pelo que eu entendo de plano de jogo e pelo que o Palmeiras nos gerou de dano no jogo do Maracan\u00e3, eu entendi que eles queriam explorar muito a bola nas costas dos nossos laterais e transi\u00e7\u00f5es\u00bb, disse Filipe Lu\u00eds, antes de ser inundado com os habituais banhos depois dos festejos.<\/p>\n<p>\u00abSignifica muito para mim, a minha mulher\u00a0sabe. S\u00e3o muitas horas\u00a0dedicadas. O treinador \u00e9 julgado pelo resultado:\u00a0como ganh\u00e1mos, eu sou um fen\u00f3meno e o Abel n\u00e3o vale nada. Mas as duas equipas s\u00e3o s\u00f3lidas e isso \u00e9 muito dif\u00edcil. No final um sairia perdedor.\u00a0Estou ainda sem assimilar, foi muita tens\u00e3o esta semana\u00bb, destacou o treinador do Flamengo.<\/p>\n<p>\u00abQuando o Palmeiras eliminou a LDU todos acharam que seria melhor enfrentar a LDU. Na teoria, era melhor enfrentar a LDU, mas um jogo dessa grandeza merece um rival direto do\u00a0Flamengo\u00a0nos \u00faltimos anos e eu disse aos jogadores que seria a maior final da hist\u00f3ria da Libertadores e esse foi o meu discurso. A parte mental de 2021 n\u00e3o entrou, temos poucos jogadores desse ano. Acredito muito no que estou a fazer aqui\u00bb, frisou ainda Filipe Lu\u00eds.<\/p>\n","protected":false},"excerpt":{"rendered":"&#8211; Advertisement &#8211; Filipe Lu\u00eds analisou a final da Ta\u00e7a Libertadores ganha. O Flamengo venceu o Palmeiras por&hellip;\n","protected":false},"author":2,"featured_media":171299,"comment_status":"","ping_status":"","sticky":false,"template":"","format":"standard","meta":{"footnotes":""},"categories":[87],"tags":[260,135,35433,2460,1621,32,33,134,30281],"class_list":{"0":"post-171298","1":"post","2":"type-post","3":"status-publish","4":"format-standard","5":"has-post-thumbnail","7":"category-desporto","8":"tag-atualidade","9":"tag-desporto","10":"tag-filipe-luis","11":"tag-flamengo","12":"tag-palmeiras","13":"tag-portugal","14":"tag-pt","15":"tag-sports","16":"tag-taca-libertadores"},"share_on_mastodon":{"url":"https:\/\/pubeurope.com\/@pt\/115641672512785702","error":""},"_links":{"self":[{"href":"https:\/\/www.europesays.com\/pt\/wp-json\/wp\/v2\/posts\/171298","targetHints":{"allow":["GET"]}}],"collection":[{"href":"https:\/\/www.europesays.com\/pt\/wp-json\/wp\/v2\/posts"}],"about":[{"href":"https:\/\/www.europesays.com\/pt\/wp-json\/wp\/v2\/types\/post"}],"author":[{"embeddable":true,"href":"https:\/\/www.europesays.com\/pt\/wp-json\/wp\/v2\/users\/2"}],"replies":[{"embeddable":true,"href":"https:\/\/www.europesays.com\/pt\/wp-json\/wp\/v2\/comments?post=171298"}],"version-history":[{"count":0,"href":"https:\/\/www.europesays.com\/pt\/wp-json\/wp\/v2\/posts\/171298\/revisions"}],"wp:featuredmedia":[{"embeddable":true,"href":"https:\/\/www.europesays.com\/pt\/wp-json\/wp\/v2\/media\/171299"}],"wp:attachment":[{"href":"https:\/\/www.europesays.com\/pt\/wp-json\/wp\/v2\/media?parent=171298"}],"wp:term":[{"taxonomy":"category","embeddable":true,"href":"https:\/\/www.europesays.com\/pt\/wp-json\/wp\/v2\/categories?post=171298"},{"taxonomy":"post_tag","embeddable":true,"href":"https:\/\/www.europesays.com\/pt\/wp-json\/wp\/v2\/tags?post=171298"}],"curies":[{"name":"wp","href":"https:\/\/api.w.org\/{rel}","templated":true}]}}