{"id":171307,"date":"2025-12-01T01:28:30","date_gmt":"2025-12-01T01:28:30","guid":{"rendered":"https:\/\/www.europesays.com\/pt\/171307\/"},"modified":"2025-12-01T01:28:30","modified_gmt":"2025-12-01T01:28:30","slug":"segunda-na-tv-do-cinema-paraiso-ao-csi-da-vida-real-televisao","status":"publish","type":"post","link":"https:\/\/www.europesays.com\/pt\/171307\/","title":{"rendered":"Segunda na TV: do Cinema Para\u00edso ao CSI da vida real | Televis\u00e3o"},"content":{"rendered":"<p dir=\"ltr\"><strong><a href=\"https:\/\/cinecartaz.publico.pt\/Filme\/34843_um-dia-de-raiva\" rel=\"nofollow noopener\" target=\"_blank\">Um Dia de Raiva<\/a><\/strong><br \/><strong>Star Movies, 19h23<\/strong><\/p>\n<p dir=\"ltr\">O filme come\u00e7a com um grande engarrafamento em Los Angeles. Algo se passa com William Foster (Michael Douglas), condutor de um dos carros parados. Foster, que a pol\u00edcia passar\u00e1 a chamar \u201cD-Fense\u201d, \u00e9 v\u00edtima de um desequil\u00edbrio mental cujas causas v\u00e3o sendo desvendadas ao longo do filme. O realizador, Joel Schumacher, foi nomeado para a Palma de Ouro em Cannes; o argumentista, Ebbe Roe Smith ganhou o pr\u00e9mio Edgar Allan Poe.<\/p>\n<p dir=\"ltr\"><strong><a href=\"https:\/\/cinecartaz.publico.pt\/filme\/bridget-jones-louca-413074\" rel=\"nofollow noopener\" target=\"_blank\">Bridget Jones: Louca por Ele<\/a><\/strong><br \/><strong>TVCine Top, 19h30<\/strong><\/p>\n<p dir=\"ltr\">Ren\u00e9e Zellweger volta a dar vida \u00e0 personagem nascida nas cr\u00f3nicas de Helen Fielding e transposta para o grande ecr\u00e3 na saga iniciada em 2001. Agora com 51 anos, m\u00e3e de dois filhos e ainda em luto por Mark, v\u00ea-se num novo tri\u00e2ngulo amoroso, desta vez com Roxster McDuff, 20 anos mais novo, e Scott Wallaker, o professor de ci\u00eancias do filho. Com realiza\u00e7\u00e3o de Michael Morris, a com\u00e9dia rom\u00e2ntica volta a contar com Hugh Grant, Jim Broadbent, Emma Thompson, James Callis, Shirley Henderson e Colin Firth, a quem se juntam Leo Woodall, Isla Fisher e Chiwetel Ejiofor.<\/p>\n<p dir=\"ltr\"><strong><a href=\"https:\/\/cinecartaz.publico.pt\/Filme\/19753_cinema-paraiso\" rel=\"nofollow noopener\" target=\"_blank\">Cinema Para\u00edso<\/a><br \/>RTP2, 22h56<\/strong><\/p>\n<p dir=\"ltr\">Esta emotiva e nost\u00e1lgica homenagem \u00e0 s\u00e9tima arte, realizada por Giuseppe Tornatore, \u00e9 um dos basti\u00f5es do cinema italiano: conquistou em Cannes o Pr\u00e9mio Especial do J\u00fari e em Hollywood o \u00d3scar de melhor filme estrangeiro. \u00c9 a hist\u00f3ria de um cineasta que regressa \u00e0 sua cidade ap\u00f3s saber da morte do projeccionista local, figura paternal que despertou nele o amor pelo cinema.<\/p>\n<p>S\u00c9RIE<\/p>\n<p dir=\"ltr\"><strong>O Jogo de Gracie Darling<\/strong><br \/><strong>Netflix, streaming<\/strong><\/p>\n<p dir=\"ltr\">Joni, psic\u00f3loga infantil, nunca ultrapassou o desaparecimento da melhor amiga, aos 14 anos, numa sess\u00e3o de espiritismo. Mas a vida l\u00e1 continuou\u2026 At\u00e9 desaparecer outra rapariga, 27 anos depois, num caso ligado a mais um jogo sinistro. Sem poder ignorar mais o que aconteceu, Joni sente-se impelida a investigar e a enfrentar traumas e fantasmas do passado. O Jogo de Gracie Darling \u00e9 uma cria\u00e7\u00e3o de Miranda Nation (Undertow), com Morgana O\u2019Reilly no papel principal. A hist\u00f3ria conta-se em seis epis\u00f3dios.<\/p>\n<p>DOCUMENT\u00c1RIOS<\/p>\n<p dir=\"ltr\"><strong>The Real CSI: Miami<\/strong><br \/><strong>AMC Crime, 22h45<\/strong><\/p>\n<p dir=\"ltr\">Estreia, com epis\u00f3dio duplo. A l\u00f3gica de CSI: Miami \u00e9 aplicada a esta docuss\u00e9rie de crime real criada por Jerry Bruckheimer, Anthony E. Zuiker e outras figuras ligadas ao procedural de fic\u00e7\u00e3o. Cada epis\u00f3dio exp\u00f5e um caso a s\u00e9rio, bem como as t\u00e9cnicas forenses utilizadas para o resolver. Os dez epis\u00f3dios s\u00e3o debitados semanalmente (e, amanh\u00e3, tamb\u00e9m no AMC Selekt).<\/p>\n<p dir=\"ltr\"><strong>Todos os Quartos Vazios<\/strong><br \/><strong>Netflix, streaming<\/strong><\/p>\n<p dir=\"ltr\">Um trabalho duro e comovente dos jornalistas Steve Hartman e Lou Bopp, que se dedicaram a registar, para homenagem e mem\u00f3ria futura, os quartos de crian\u00e7as e adolescentes norte-americanos cujas vidas foram roubadas em tiroteios nas escolas.<\/p>\n<p dir=\"ltr\"><strong>The Merchants of Joy<\/strong><br \/><strong>Prime Video, streaming<\/strong><\/p>\n<p dir=\"ltr\">Estreia. Quem quer comprar um pinheiro? Numa combina\u00e7\u00e3o de \u201cast\u00facia de rua com verdadeiro esp\u00edrito festivo\u201d, este document\u00e1rio de Celia Aniskovich segue o neg\u00f3cio das \u00e1rvores de Natal no seio das cinco fam\u00edlias nova-iorquinas que o dominam.<\/p>\n<p>ENTREVISTA<\/p>\n<p dir=\"ltr\"><strong>O Pr\u00f3ximo Convidado<\/strong><br \/><strong>Netflix, streaming<\/strong><\/p>\n<p dir=\"ltr\">Neste epis\u00f3dio especial da s\u00e9rie de entrevistas feitas por David Letterman, \u00e9 o actor e comediante Adam Sandler o convidado a sentar-se na cadeira previamente ocupada por gente como John Mulaney, Volodymyr Zelensky ou Shah Rukh Khan.<\/p>\n<p>INFANTIL<\/p>\n<p dir=\"ltr\"><strong><a href=\"https:\/\/cinecartaz.publico.pt\/filme\/zootropolis-357049\" rel=\"nofollow noopener\" target=\"_blank\">Zootr\u00f3polis<\/a><\/strong><br \/><strong>Star Channel, 12h11<\/strong><\/p>\n<p dir=\"ltr\">Oportunidade de rever a com\u00e9dia de anima\u00e7\u00e3o de Byron Howard e Rich Moore que saiu em 2016 e cuja <a href=\"https:\/\/cinecartaz.publico.pt\/filme\/zootropolis-2-414507\" rel=\"nofollow noopener\" target=\"_blank\">sequela<\/a> est\u00e1 neste momento nos cinemas. Zootr\u00f3polis \u00e9 um lugar civilizado, povoado por vers\u00f5es antropom\u00f3rficas de toda a esp\u00e9cie de animais. Um dia, a raposa Nick Wilde \u00e9 injustamente acusada de um crime e capturada pela coelha Judy Hopps, uma jovem e impulsiva agente da pol\u00edcia que acaba de ser promovida. Quando ambas percebem que est\u00e3o a ser v\u00edtimas de uma conspira\u00e7\u00e3o, v\u00eaem-se for\u00e7adas a unir for\u00e7as para provar a sua honestidade.<\/p>\n<p>        &#13;<\/p>\n<p>&#13;<br \/>\n                &#13;\n            <\/p>\n<p>&#13;<\/p>\n","protected":false},"excerpt":{"rendered":"Um Dia de RaivaStar Movies, 19h23 O filme come\u00e7a com um grande engarrafamento em Los Angeles. Algo se&hellip;\n","protected":false},"author":2,"featured_media":171308,"comment_status":"","ping_status":"","sticky":false,"template":"","format":"standard","meta":{"footnotes":""},"categories":[142],"tags":[470,4768,1413,1414,114,115,294,32,33,291,218,151],"class_list":{"0":"post-171307","1":"post","2":"type-post","3":"status-publish","4":"format-standard","5":"has-post-thumbnail","7":"category-tv","8":"tag-cinema","9":"tag-cinema-de-animacao","10":"tag-cultura-ipsilon","11":"tag-documentario","12":"tag-entertainment","13":"tag-entretenimento","14":"tag-lazer","15":"tag-portugal","16":"tag-pt","17":"tag-relaxar","18":"tag-televisao","19":"tag-tv"},"share_on_mastodon":{"url":"https:\/\/pubeurope.com\/@pt\/115641719472464253","error":""},"_links":{"self":[{"href":"https:\/\/www.europesays.com\/pt\/wp-json\/wp\/v2\/posts\/171307","targetHints":{"allow":["GET"]}}],"collection":[{"href":"https:\/\/www.europesays.com\/pt\/wp-json\/wp\/v2\/posts"}],"about":[{"href":"https:\/\/www.europesays.com\/pt\/wp-json\/wp\/v2\/types\/post"}],"author":[{"embeddable":true,"href":"https:\/\/www.europesays.com\/pt\/wp-json\/wp\/v2\/users\/2"}],"replies":[{"embeddable":true,"href":"https:\/\/www.europesays.com\/pt\/wp-json\/wp\/v2\/comments?post=171307"}],"version-history":[{"count":0,"href":"https:\/\/www.europesays.com\/pt\/wp-json\/wp\/v2\/posts\/171307\/revisions"}],"wp:featuredmedia":[{"embeddable":true,"href":"https:\/\/www.europesays.com\/pt\/wp-json\/wp\/v2\/media\/171308"}],"wp:attachment":[{"href":"https:\/\/www.europesays.com\/pt\/wp-json\/wp\/v2\/media?parent=171307"}],"wp:term":[{"taxonomy":"category","embeddable":true,"href":"https:\/\/www.europesays.com\/pt\/wp-json\/wp\/v2\/categories?post=171307"},{"taxonomy":"post_tag","embeddable":true,"href":"https:\/\/www.europesays.com\/pt\/wp-json\/wp\/v2\/tags?post=171307"}],"curies":[{"name":"wp","href":"https:\/\/api.w.org\/{rel}","templated":true}]}}