{"id":171313,"date":"2025-12-01T01:33:08","date_gmt":"2025-12-01T01:33:08","guid":{"rendered":"https:\/\/www.europesays.com\/pt\/171313\/"},"modified":"2025-12-01T01:33:08","modified_gmt":"2025-12-01T01:33:08","slug":"apos-os-40-esta-atividade-e-otima-para-o-coracao-mas-o-corpo-pede-muito-mais","status":"publish","type":"post","link":"https:\/\/www.europesays.com\/pt\/171313\/","title":{"rendered":"Ap\u00f3s os 40, esta atividade \u00e9 \u00f3tima para o cora\u00e7\u00e3o, mas o corpo pede muito mais"},"content":{"rendered":"<p>Popular, acess\u00edvel e gratuita, a caminhada \u00e9 uma das atividades f\u00edsicas mais praticadas no mundo. Mas, ao chegar aos 40 anos, ser\u00e1 que apenas caminhar \u00e9 suficiente para manter o corpo saud\u00e1vel, forte e protegido contra doen\u00e7as?<\/p>\n<p><strong>Fa\u00e7a parte do grupo do Di\u00e1rio no <\/strong><a href=\"https:\/\/bit.ly\/CanalDiarioDoLitoral\" target=\"_blank\" rel=\"nofollow noopener\">WhatsApp<\/a> <strong>e<\/strong> <a href=\"https:\/\/t.me\/diariodolitoral\" target=\"_blank\" rel=\"nofollow\">Telegram<\/a><strong>.<br \/>Mantenha-se bem informado.<\/strong><\/p>\n<p>Enquanto a ci\u00eancia confirma os in\u00fameros benef\u00edcios da caminhada para o cora\u00e7\u00e3o e a mente, novos alertas surgem sobre perda muscular e <a href=\"https:\/\/www.diariodolitoral.com.br\/tags\/saude\/\" rel=\"nofollow noopener\" target=\"_blank\">sa\u00fade<\/a> \u00f3ssea. Entenda o que a atividade realmente entrega, e o que pode faltar.\n\t\t\t<\/p>\n<p class=\"texto-continue listagem-detalhe\">Continua depois da publicidade<\/p>\n<p>A for\u00e7a silenciosa da caminhada<\/p>\n<p>A caminhada \u00e9 uma atividade de resist\u00eancia que pode ser praticada por praticamente qualquer pessoa, independentemente da idade. Ela melhora a circula\u00e7\u00e3o sangu\u00ednea, fortalece o cora\u00e7\u00e3o, ajuda a controlar a press\u00e3o arterial e reduz o risco de doen\u00e7as cardiovasculares. Al\u00e9m disso, contribui para a <a href=\"https:\/\/www.diariodolitoral.com.br\/tags\/saude\/\" rel=\"nofollow noopener\" target=\"_blank\">sa\u00fade<\/a> mental, diminuindo n\u00edveis de estresse, ansiedade e depress\u00e3o.<\/p>\n<p>Outro ponto positivo \u00e9 a facilidade de adapta\u00e7\u00e3o. Caminhar pode ser feito em diferentes ritmos, dist\u00e2ncias e terrenos, o que permite ajustar a intensidade conforme a condi\u00e7\u00e3o f\u00edsica. Para quem volta a se movimentar depois de anos de sedentarismo, ela costuma ser a porta de entrada mais segura para uma rotina ativa.\n\t\t\t<\/p>\n<p class=\"texto-continue listagem-detalhe\">Continua depois da publicidade<\/p>\n<p>No entanto, ap\u00f3s os 40 anos, o corpo passa por mudan\u00e7as naturais que exigem uma aten\u00e7\u00e3o mais estrat\u00e9gica ao tipo de exerc\u00edcio praticado. A caminhada continua sendo valiosa, mas j\u00e1 n\u00e3o supre sozinha todas as necessidades f\u00edsicas dessa fase da vida.<\/p>\n<p><strong>Veja tamb\u00e9m:<\/strong> <a href=\"https:\/\/www.diariodolitoral.com.br\/variedades\/saude\/quando-a-atividade-fisica-vira-risco-medicos-fazem-alerta-apos-morte-e\/200218\/\" rel=\"nofollow noopener\" target=\"_blank\">quando a atividade f\u00edsica vira risco<\/a>.<\/p>\n<p>O desafio invis\u00edvel: m\u00fasculos e ossos em risco<\/p>\n<p>A partir dos 40 anos, ocorre uma perda gradual de massa muscular, processo conhecido como sarcopenia. Esse desgaste \u00e9 silencioso e progressivo, afetando for\u00e7a, equil\u00edbrio e at\u00e9 a autonomia com o passar do tempo. Quando a musculatura enfraquece demais, aumenta o risco de quedas, les\u00f5es e fraturas.\n\t\t\t<\/p>\n<p class=\"texto-continue listagem-detalhe\">Continua depois da publicidade<\/p>\n<p>A <a href=\"https:\/\/www.diariodolitoral.com.br\/tags\/saude\/\" rel=\"nofollow noopener\" target=\"_blank\">sa\u00fade<\/a> \u00f3ssea tamb\u00e9m entra em alerta. Com o envelhecimento, a densidade dos ossos diminui, elevando as chances de osteoporose. Caminhar ajuda a manter os ossos ativos, mas o est\u00edmulo mec\u00e2nico que ela oferece nem sempre \u00e9 suficiente para prevenir a perda \u00f3ssea de forma eficaz.<\/p>\n<p>Especialistas alertam que, embora a caminhada seja excelente para o sistema cardiovascular, ela n\u00e3o gera est\u00edmulos intensos o bastante para preservar plenamente a for\u00e7a muscular e a densidade \u00f3ssea. Isso significa que, sozinha, ela n\u00e3o protege completamente contra os principais efeitos do envelhecimento f\u00edsico.<\/p>\n<p><strong>Veja tamb\u00e9m:<\/strong> <a href=\"https:\/\/www.diariodolitoral.com.br\/diario-mais\/entenda-por-que-sentimos-preguica-de-fazer-atividade-fisica-no-frio\/199215\/\" rel=\"nofollow noopener\" target=\"_blank\">Entenda por que sentimos pregui\u00e7a de praticar atividade f\u00edsica no frio, segundo a ci\u00eancia<\/a>.\n\t\t\t<\/p>\n<p class=\"texto-continue listagem-detalhe\">Continua depois da publicidade<\/p>\n<p>Por que combinar exerc\u00edcios \u00e9 essencial ap\u00f3s os 40<\/p>\n<p>Para manter-se realmente em forma depois dos 40, a recomenda\u00e7\u00e3o dos especialistas \u00e9 clara: caminhar, sim, mas n\u00e3o apenas isso. \u00c9 fundamental incluir exerc\u00edcios de fortalecimento muscular, como muscula\u00e7\u00e3o, pilates ou treinos funcionais, que ajudam a preservar m\u00fasculos, ossos e articula\u00e7\u00f5es.<\/p>\n<p>Atividades de impacto controlado e exerc\u00edcios de resist\u00eancia tamb\u00e9m s\u00e3o aliados poderosos. Eles estimulam a produ\u00e7\u00e3o \u00f3ssea, melhoram a postura, reduzem dores cr\u00f4nicas e aumentam a estabilidade corporal. J\u00e1 os exerc\u00edcios de flexibilidade e equil\u00edbrio diminuem o risco de quedas, especialmente com o avan\u00e7o da idade.<\/p>\n<p>A combina\u00e7\u00e3o entre caminhada, for\u00e7a e mobilidade forma o trip\u00e9 ideal para um envelhecimento ativo e saud\u00e1vel. Assim, a caminhada deixa de ser o \u00fanico pilar da <a href=\"https:\/\/www.diariodolitoral.com.br\/tags\/saude\/\" rel=\"nofollow noopener\" target=\"_blank\">sa\u00fade<\/a> e passa a integrar um programa completo de bem-estar f\u00edsico ap\u00f3s os 40 anos.\n\t\t\t<\/p>\n<p class=\"texto-continue listagem-detalhe\">Continua depois da publicidade<\/p>\n<p>Galeria: a import\u00e2ncia de cuidados ao praticar atividades f\u00edsicas<\/p>\n<p><img decoding=\"async\" src=\"https:\/\/www.diariodolitoral.com.br\/application\/themes\/diariodolitoral.com.br\/images\/icone_arrow_2.svg\" loading=\"lazy\" alt=\"Anterior\" class=\"seta-galeria\"\/><img decoding=\"async\" src=\"https:\/\/www.diariodolitoral.com.br\/application\/themes\/diariodolitoral.com.br\/images\/icone_arrow_1.svg\" loading=\"lazy\" alt=\"Pr\u00f3xima\" class=\"seta-galeria\"\/><\/p>\n","protected":false},"excerpt":{"rendered":"Popular, acess\u00edvel e gratuita, a caminhada \u00e9 uma das atividades f\u00edsicas mais praticadas no mundo. Mas, ao chegar&hellip;\n","protected":false},"author":2,"featured_media":171314,"comment_status":"","ping_status":"","sticky":false,"template":"","format":"standard","meta":{"footnotes":""},"categories":[86],"tags":[1024,116,3385,32,33,117],"class_list":{"0":"post-171313","1":"post","2":"type-post","3":"status-publish","4":"format-standard","5":"has-post-thumbnail","7":"category-saude","8":"tag-atividade-fisica","9":"tag-health","10":"tag-idosos","11":"tag-portugal","12":"tag-pt","13":"tag-saude"},"share_on_mastodon":{"url":"https:\/\/pubeurope.com\/@pt\/115641739382922674","error":""},"_links":{"self":[{"href":"https:\/\/www.europesays.com\/pt\/wp-json\/wp\/v2\/posts\/171313","targetHints":{"allow":["GET"]}}],"collection":[{"href":"https:\/\/www.europesays.com\/pt\/wp-json\/wp\/v2\/posts"}],"about":[{"href":"https:\/\/www.europesays.com\/pt\/wp-json\/wp\/v2\/types\/post"}],"author":[{"embeddable":true,"href":"https:\/\/www.europesays.com\/pt\/wp-json\/wp\/v2\/users\/2"}],"replies":[{"embeddable":true,"href":"https:\/\/www.europesays.com\/pt\/wp-json\/wp\/v2\/comments?post=171313"}],"version-history":[{"count":0,"href":"https:\/\/www.europesays.com\/pt\/wp-json\/wp\/v2\/posts\/171313\/revisions"}],"wp:featuredmedia":[{"embeddable":true,"href":"https:\/\/www.europesays.com\/pt\/wp-json\/wp\/v2\/media\/171314"}],"wp:attachment":[{"href":"https:\/\/www.europesays.com\/pt\/wp-json\/wp\/v2\/media?parent=171313"}],"wp:term":[{"taxonomy":"category","embeddable":true,"href":"https:\/\/www.europesays.com\/pt\/wp-json\/wp\/v2\/categories?post=171313"},{"taxonomy":"post_tag","embeddable":true,"href":"https:\/\/www.europesays.com\/pt\/wp-json\/wp\/v2\/tags?post=171313"}],"curies":[{"name":"wp","href":"https:\/\/api.w.org\/{rel}","templated":true}]}}