{"id":171346,"date":"2025-12-01T02:26:25","date_gmt":"2025-12-01T02:26:25","guid":{"rendered":"https:\/\/www.europesays.com\/pt\/171346\/"},"modified":"2025-12-01T02:26:25","modified_gmt":"2025-12-01T02:26:25","slug":"fanny-rodrigues-declara-se-ao-namorado-durante-ferias-de-sonho","status":"publish","type":"post","link":"https:\/\/www.europesays.com\/pt\/171346\/","title":{"rendered":"Fanny Rodrigues declara-se ao namorado durante f\u00e9rias de sonho"},"content":{"rendered":"<p>\t\t\t\t\t\t\t\t\t\t\t\t\t\tA viver dias de grande emo\u00e7\u00e3o nas Maldivas, onde celebrou 34 anos com uma surpresa especial e um anel, Fanny Rodrigues decidiu retribuir o carinho atrav\u00e9s de uma declara\u00e7\u00e3o p\u00fablica de amor.<\/p>\n<p data-path-to-node=\"3\">A ex-apresentadora da TVI reagiu \u00e0 surpresa (<a href=\"https:\/\/www.hiper.fm\/fanny-rodrigues-e-surpreendida-nas-maldivas-com-um-anel-que-dia-tao-feliz\/\" rel=\"nofollow noopener\" target=\"_blank\">que mostr\u00e1mos aqui<\/a>) e confessou que o companheiro trouxe uma nova luz \u00e0 sua vida.<\/p>\n<p data-path-to-node=\"4\"><strong>\u201cVieste dar-me algo que eu pensava j\u00e1 n\u00e3o ser poss\u00edvel. Esperan\u00e7a. Paz. Amor. Respeito e Cor\u201d<\/strong>, come\u00e7ou por escrever a belle portugaise.<\/p>\n<p data-path-to-node=\"4\">Para Fanny, o encontro de ambos n\u00e3o foi um acaso: <strong>\u201cO destino, sabe exatamente aquilo que faz. Exatamente\u201d<\/strong>.<\/p>\n<p data-path-to-node=\"5\"><strong>\u201cContigo, a vida \u00e9 simples. Contigo, tenho uma vida bonita\u201d<\/strong>, garantiu.<\/p>\n<p data-path-to-node=\"6\">No entanto, o destaque final foi para a liga\u00e7\u00e3o entre Detchi e o seu filho. <strong>\u201cE o melhor disto tudo?! \u00c9 saber que o Diego te ama \ud83d\udc99 (O resto tu sabes)\u201d<\/strong>, rematou.<\/p>\n<p>Ora veja:<\/p>\n<p><img loading=\"lazy\" decoding=\"async\" class=\"alignnone size-full wp-image-654451\" src=\"data:image\/svg+xml,%3Csvg%20xmlns=\" http:=\"\" alt=\"\" width=\"495\" height=\"250\" data-lazy- data-lazy- data-lazy-src=\"https:\/\/www.europesays.com\/pt\/wp-content\/uploads\/2025\/12\/Captura-de-ecra-2025-11-30-121447.png\"\/><\/p>\n","protected":false},"excerpt":{"rendered":"A viver dias de grande emo\u00e7\u00e3o nas Maldivas, onde celebrou 34 anos com uma surpresa especial e um&hellip;\n","protected":false},"author":2,"featured_media":171347,"comment_status":"","ping_status":"","sticky":false,"template":"","format":"standard","meta":{"footnotes":""},"categories":[85],"tags":[35904,31668,114,115,5795,30451,32,33],"class_list":{"0":"post-171346","1":"post","2":"type-post","3":"status-publish","4":"format-standard","5":"has-post-thumbnail","7":"category-entretenimento","8":"tag-declarau00e7u00e3o-de-amor","9":"tag-detchi","10":"tag-entertainment","11":"tag-entretenimento","12":"tag-fanny-rodrigues","13":"tag-maldivas","14":"tag-portugal","15":"tag-pt"},"share_on_mastodon":{"url":"https:\/\/pubeurope.com\/@pt\/115641947778147726","error":""},"_links":{"self":[{"href":"https:\/\/www.europesays.com\/pt\/wp-json\/wp\/v2\/posts\/171346","targetHints":{"allow":["GET"]}}],"collection":[{"href":"https:\/\/www.europesays.com\/pt\/wp-json\/wp\/v2\/posts"}],"about":[{"href":"https:\/\/www.europesays.com\/pt\/wp-json\/wp\/v2\/types\/post"}],"author":[{"embeddable":true,"href":"https:\/\/www.europesays.com\/pt\/wp-json\/wp\/v2\/users\/2"}],"replies":[{"embeddable":true,"href":"https:\/\/www.europesays.com\/pt\/wp-json\/wp\/v2\/comments?post=171346"}],"version-history":[{"count":0,"href":"https:\/\/www.europesays.com\/pt\/wp-json\/wp\/v2\/posts\/171346\/revisions"}],"wp:featuredmedia":[{"embeddable":true,"href":"https:\/\/www.europesays.com\/pt\/wp-json\/wp\/v2\/media\/171347"}],"wp:attachment":[{"href":"https:\/\/www.europesays.com\/pt\/wp-json\/wp\/v2\/media?parent=171346"}],"wp:term":[{"taxonomy":"category","embeddable":true,"href":"https:\/\/www.europesays.com\/pt\/wp-json\/wp\/v2\/categories?post=171346"},{"taxonomy":"post_tag","embeddable":true,"href":"https:\/\/www.europesays.com\/pt\/wp-json\/wp\/v2\/tags?post=171346"}],"curies":[{"name":"wp","href":"https:\/\/api.w.org\/{rel}","templated":true}]}}