{"id":171348,"date":"2025-12-01T02:27:08","date_gmt":"2025-12-01T02:27:08","guid":{"rendered":"https:\/\/www.europesays.com\/pt\/171348\/"},"modified":"2025-12-01T02:27:08","modified_gmt":"2025-12-01T02:27:08","slug":"mercado-libre-libera-cupom-de-r-100-e-deixa-moto-g15-baratissimo","status":"publish","type":"post","link":"https:\/\/www.europesays.com\/pt\/171348\/","title":{"rendered":"Mercado libre libera cupom de R$ 100 e deixa Moto G15 barat\u00edssimo"},"content":{"rendered":"<p>Em busca de um aparelho b\u00e1sico para uso de <a class=\"lib tg-lib\" href=\"https:\/\/www.oficinadanet.com.br\/post\/16064-quais-sao-as-dez-maiores-redes-sociais\" rel=\"nofollow noopener\" target=\"_blank\">redes sociais<\/a> e navega\u00e7\u00e3o na web. O <a class=\"lib tg-lib\" href=\"https:\/\/www.oficinadanet.com.br\/motorola\" rel=\"nofollow noopener\" target=\"_blank\">Motorola<\/a> <strong>Moto G15<\/strong> \u00e9 uma escolha bem acertada. Afinal, tem tela ampla, bateria para pelo menos um dia de uso, sistema operacional moderno e c\u00e2mera traseira de <strong>50MP<\/strong>. Ele chegou aqui no Brasil no final do ano passado custando <strong>R$ 1.399<\/strong>, mas agora, voc\u00ea consegue obter o seu por apenas R$ 492 para pagamento via PIX.<\/p>\n<p>Onde est\u00e1 a oferta?<\/p>\n<p>            &#13;<br \/>\n                    &#13;<br \/>\n                        &#13;<br \/>\n                        &#13;<br \/>\n                        &#13;<br \/>\n                        &#13;<br \/>\n                        <img decoding=\"async\" loading=\"lazy\" width=\"330\" height=\"142\" src=\"https:\/\/www.europesays.com\/pt\/wp-content\/uploads\/2025\/12\/g15.jpg\"  alt=\"Motorola Moto G15 em oferta\" title=\"Motorola Moto G15 em oferta\"\/>&#13;<br \/>\n                    Motorola Moto G15 em <a class=\"lib tg-lib\" href=\"https:\/\/www.oficinadanet.com.br\/ofertas\" rel=\"nofollow noopener\" target=\"_blank\">oferta<\/a>&#13;<\/p>\n<p>Achamos a promo\u00e7\u00e3o do <strong>Moto G15<\/strong> dentro da loja oficial da Motorola no <strong>Mercado Livre<\/strong>. A entre \u00e9 super r\u00e1pida e tranquilo, al\u00e9m de segura. Para quem desjea, ainda pode parcelar no cart\u00e3o, mas vale notar que o <strong>pre\u00e7o \u00e0 vista tem desconto<\/strong>. Al\u00e9m disso, note que o cupom pode esgotra a qualquer momento.<\/p>\n<p>O que o celular oferece?<\/p>\n<p>O Motorola <strong>Moto G15<\/strong> \u00e9 um celular de entrada que tem muito a oferecer pelo valor cobrado. Ele apresenta uma ampla tela <strong>LCD <\/strong>de <strong>6.72 polegadas<\/strong> que traz resolu\u00e7\u00e3o<strong> Full HD+<\/strong>. \u00c9 uma boa tela para ver seus v\u00eddeos. Al\u00e9m disso, o sistema operacinal \u00e9 o<strong> Android 15 <\/strong>ao sair da caixa de varejo.<\/p>\n<p>Quanto ao hardware, o celular vem com um chipset <strong>Helio G81<\/strong> juntamente com <strong>4GB <\/strong>de mem\u00f3ria <a class=\"lib tg-lib\" href=\"https:\/\/www.oficinadanet.com.br\/onresponde\/65111-o-que-e-memoria-ram-celular\" rel=\"nofollow noopener\" target=\"_blank\">RAM<\/a> e 128GB de armazenamento nativo. O modelo tamb\u00e9m usa um leitor de impress\u00f5es digitais por baixo da tela, que \u00e9 mais seguro e preciso. Al\u00e9m disso, a bateria de 5.200 mAh suporta carregador de 20W.<\/p>\n<p>            &#13;<br \/>\n                    &#13;<br \/>\n                        &#13;<br \/>\n                        &#13;<br \/>\n                        &#13;<br \/>\n                        &#13;<br \/>\n                        <img decoding=\"async\" loading=\"lazy\" width=\"330\" height=\"186\" src=\"https:\/\/www.europesays.com\/pt\/wp-content\/uploads\/2025\/12\/moto-g15.jpg\"  alt=\"Motorola Moto G15\" title=\"Motorola Moto G15\"\/>&#13;<br \/>\n                    Motorola Moto G15&#13;<\/p>\n<p>Em termos de c\u00e2mera, a <a class=\"lib tg-lib\" href=\"https:\/\/www.oficinadanet.com.br\/samsung\" rel=\"nofollow noopener\" target=\"_blank\">Samsung<\/a> adicionou uma lente traseira principal de <strong>50 MP<\/strong>, uma lente <a class=\"lib tg-lib\" href=\"https:\/\/www.oficinadanet.com.br\/smartphones\/36853-quais-sao-as-lentes-de-celular\" rel=\"nofollow noopener\" target=\"_blank\">ultrawide<\/a> de<strong> 5 MP<\/strong> e uma uma c\u00e2mera frontal de <strong>8 MP<\/strong>. O aparelho ainda tem uma entrada cl\u00e1ssica P2 para fones de ouvido com fio. Al\u00e9m disso, o celular suporta pagamentos por aproxima\u00e7\u00e3o atrav\u00e9s do<strong> NFC<\/strong>. <\/p>\n<ul>\n<li><b>Prote\u00e7\u00e3o \u00c1gua:<\/b> Design repelente a \u00e0gua<\/li>\n<li><b>Sistema:<\/b> Android 15<\/li>\n<li><b>Processador:<\/b> Helio G81 Extreme<\/li>\n<li><b>Mem\u00f3ria RAM:<\/b> <a href=\"https:\/\/www.oficinadanet.com.br\/smartphones\/buscar?memoria-ram=6gb\" rel=\"nofollow noopener\" target=\"_blank\">6 GB<\/a><\/li>\n<li><b>Armazenamento:<\/b> <a href=\"https:\/\/www.oficinadanet.com.br\/smartphones\/buscar?armazenamento-interno=256-gb\" rel=\"nofollow noopener\" target=\"_blank\">256 GB<\/a><\/li>\n<li><b>Tela &#8211; Tipo:<\/b> IPS LCD <\/li>\n<li><b>Tela &#8211; Tamanho:<\/b> 6.72<\/li>\n<li><b>Tela &#8211; Resolu\u00e7\u00e3o:<\/b> 1080 x 2400<\/li>\n<li><b>Tela &#8211; Frequ\u00eancia:<\/b> 60Hz<\/li>\n<li><b>C\u00e2mera principal:<\/b> 50 MP, f\/1.8, (wide)<\/li>\n<li><b>C\u00e2m. Selfie:<\/b> 8 MP, f\/2.0, (wide) <\/li>\n<li><b>Bateria:<\/b> <a href=\"https:\/\/www.oficinadanet.com.br\/smartphones\/buscar?bateria=5200-mah\" rel=\"nofollow noopener\" target=\"_blank\">5200 mAh<\/a><\/li>\n<li><b>Carregador:<\/b> 20W<\/li>\n<p>&#13;\n            <\/ul>\n<p class=\"obj-spec-simples-full\">Motorola Moto G15 &#8211; <a href=\"https:\/\/www.oficinadanet.com.br\/smartphones\/motorola-moto-g15\" rel=\"nofollow noopener\" target=\"_blank\"> Veja aqui a ficha t\u00e9cnica completa<\/a><\/p>\n<p>Vale a pena?<\/p>\n<p>            &#13;<br \/>\n                    &#13;<br \/>\n                        &#13;<br \/>\n                        &#13;<br \/>\n                        &#13;<br \/>\n                        &#13;<br \/>\n                        <img decoding=\"async\" loading=\"lazy\" width=\"330\" height=\"142\" src=\"https:\/\/www.europesays.com\/pt\/wp-content\/uploads\/2025\/12\/g15.jpg\"  alt=\"Moto G15 em oferta\" title=\"Moto G15 em oferta\"\/>&#13;<br \/>\n                    Moto G15 em oferta&#13;<\/p>\n<p>Se antes o <strong>Moto G15<\/strong> n\u00e3o era um bom custo-benef\u00edcio, hoje por menos de <strong>R$ 500<\/strong> vale a pena demais. Ele \u00e9 a escolha certa para dar de presente para algum familiar idoso ou at\u00e9 mesmo para as crian\u00e7as. O celular tamb\u00e9m tem tela grande e certamente vai agradar quem for mais \u00e1gil e r\u00e1pido.<\/p>\n<p><strong>Pr\u00f3s:<\/strong><\/p>\n<ul>\n<li>Tela ampla de alta resolu\u00e7\u00e3o<\/li>\n<li>C\u00e2mera principal com intelig\u00eancia Artificial e modo Night Vision<\/li>\n<li>Bateria duradoura (5.200 mAh) com carregamento r\u00e1pido de 20W<\/li>\n<li>Acabamento em Vegan Leather (sensa\u00e7\u00e3o de luxo).<\/li>\n<\/ul>\n<p>Contras:<\/p>\n<ul>\n<li>Aus\u00eancia de conectividade 5G<\/li>\n<li>Desempenho mediano\/limitado para usu\u00e1rios exigentes<\/li>\n<li>Taxa de atualiza\u00e7\u00e3o da tela de apenas 60 Hz<\/li>\n<\/ul>\n","protected":false},"excerpt":{"rendered":"Em busca de um aparelho b\u00e1sico para uso de redes sociais e navega\u00e7\u00e3o na web. O Motorola Moto&hellip;\n","protected":false},"author":2,"featured_media":171349,"comment_status":"","ping_status":"","sticky":false,"template":"","format":"standard","meta":{"footnotes":""},"categories":[84],"tags":[109,107,108,13,2061,32,33,105,103,104,106,110],"class_list":{"0":"post-171348","1":"post","2":"type-post","3":"status-publish","4":"format-standard","5":"has-post-thumbnail","7":"category-ciencia-e-tecnologia","8":"tag-ciencia","9":"tag-ciencia-e-tecnologia","10":"tag-cienciaetecnologia","11":"tag-noticias","12":"tag-ofertas","13":"tag-portugal","14":"tag-pt","15":"tag-science","16":"tag-science-and-technology","17":"tag-scienceandtechnology","18":"tag-technology","19":"tag-tecnologia"},"share_on_mastodon":{"url":"https:\/\/pubeurope.com\/@pt\/115641951697155345","error":""},"_links":{"self":[{"href":"https:\/\/www.europesays.com\/pt\/wp-json\/wp\/v2\/posts\/171348","targetHints":{"allow":["GET"]}}],"collection":[{"href":"https:\/\/www.europesays.com\/pt\/wp-json\/wp\/v2\/posts"}],"about":[{"href":"https:\/\/www.europesays.com\/pt\/wp-json\/wp\/v2\/types\/post"}],"author":[{"embeddable":true,"href":"https:\/\/www.europesays.com\/pt\/wp-json\/wp\/v2\/users\/2"}],"replies":[{"embeddable":true,"href":"https:\/\/www.europesays.com\/pt\/wp-json\/wp\/v2\/comments?post=171348"}],"version-history":[{"count":0,"href":"https:\/\/www.europesays.com\/pt\/wp-json\/wp\/v2\/posts\/171348\/revisions"}],"wp:featuredmedia":[{"embeddable":true,"href":"https:\/\/www.europesays.com\/pt\/wp-json\/wp\/v2\/media\/171349"}],"wp:attachment":[{"href":"https:\/\/www.europesays.com\/pt\/wp-json\/wp\/v2\/media?parent=171348"}],"wp:term":[{"taxonomy":"category","embeddable":true,"href":"https:\/\/www.europesays.com\/pt\/wp-json\/wp\/v2\/categories?post=171348"},{"taxonomy":"post_tag","embeddable":true,"href":"https:\/\/www.europesays.com\/pt\/wp-json\/wp\/v2\/tags?post=171348"}],"curies":[{"name":"wp","href":"https:\/\/api.w.org\/{rel}","templated":true}]}}