{"id":171361,"date":"2025-12-01T02:49:14","date_gmt":"2025-12-01T02:49:14","guid":{"rendered":"https:\/\/www.europesays.com\/pt\/171361\/"},"modified":"2025-12-01T02:49:14","modified_gmt":"2025-12-01T02:49:14","slug":"incendio-em-antiga-fabrica-ocupada-deixa-dez-pessoas-sem-teto-na-trofa","status":"publish","type":"post","link":"https:\/\/www.europesays.com\/pt\/171361\/","title":{"rendered":"Inc\u00eandio em antiga f\u00e1brica ocupada deixa dez pessoas sem teto na Trofa"},"content":{"rendered":"<p data-remotead-prev-elm=\"true\" data-remotead-elm-id=\"inread\">O alerta para um inc\u00eandio nas antigas instala\u00e7\u00f5es de uma f\u00e1brica que servia de abrigo a v\u00e1rias fam\u00edlias, na zona de Vilares, no Muro, foi dado cerca das 14.30 horas, e para o local foram mobilizados 11 operacionais e quatro viaturas da corpora\u00e7\u00e3o de bombeiros da Trofa, al\u00e9m da GNR da Trofa.<\/p>\n<p>De acordo com Ana Maia, oficial dos Bombeiros da Trofa, viviam &#8220;quatro a cinco fam\u00edlias&#8221;, num total de &#8220;cerca de dez pessoas&#8221;, na f\u00e1brica devoluta situada na Rua Central de Vilares.<\/p>\n<p>As chamas n\u00e3o consumiram a totalidade do antigo edif\u00edcio fabril, que se encontrava em ru\u00edna e estava h\u00e1 v\u00e1rios anos ocupado por aqueles n\u00facleos familiares, mas o im\u00f3vel ficou em risco de ruir, como indicou, ao JN, Ana Maia.<\/p>\n<p>Apesar de o im\u00f3vel ficar situado numa zona florestal, o inc\u00eandio n\u00e3o se propagou \u00e0 vegeta\u00e7\u00e3o.<\/p>\n","protected":false},"excerpt":{"rendered":"O alerta para um inc\u00eandio nas antigas instala\u00e7\u00f5es de uma f\u00e1brica que servia de abrigo a v\u00e1rias fam\u00edlias,&hellip;\n","protected":false},"author":2,"featured_media":171362,"comment_status":"","ping_status":"","sticky":false,"template":"","format":"standard","meta":{"footnotes":""},"categories":[10],"tags":[35907,27,28,21351,15,16,14,625,25,26,21,22,12,13,19,20,32,23,24,33,17,18,29,30,31],"class_list":{"0":"post-171361","1":"post","2":"type-post","3":"status-publish","4":"format-standard","5":"has-post-thumbnail","7":"category-portugal","8":"tag-bombeiros-voluntarios-da-trofa","9":"tag-breaking-news","10":"tag-breakingnews","11":"tag-concelho-trofa","12":"tag-featured-news","13":"tag-featurednews","14":"tag-headlines","15":"tag-incendio","16":"tag-latest-news","17":"tag-latestnews","18":"tag-main-news","19":"tag-mainnews","20":"tag-news","21":"tag-noticias","22":"tag-noticias-principais","23":"tag-noticiasprincipais","24":"tag-portugal","25":"tag-principais-noticias","26":"tag-principaisnoticias","27":"tag-pt","28":"tag-top-stories","29":"tag-topstories","30":"tag-ultimas","31":"tag-ultimas-noticias","32":"tag-ultimasnoticias"},"share_on_mastodon":{"url":"https:\/\/pubeurope.com\/@pt\/115642037906275592","error":""},"_links":{"self":[{"href":"https:\/\/www.europesays.com\/pt\/wp-json\/wp\/v2\/posts\/171361","targetHints":{"allow":["GET"]}}],"collection":[{"href":"https:\/\/www.europesays.com\/pt\/wp-json\/wp\/v2\/posts"}],"about":[{"href":"https:\/\/www.europesays.com\/pt\/wp-json\/wp\/v2\/types\/post"}],"author":[{"embeddable":true,"href":"https:\/\/www.europesays.com\/pt\/wp-json\/wp\/v2\/users\/2"}],"replies":[{"embeddable":true,"href":"https:\/\/www.europesays.com\/pt\/wp-json\/wp\/v2\/comments?post=171361"}],"version-history":[{"count":0,"href":"https:\/\/www.europesays.com\/pt\/wp-json\/wp\/v2\/posts\/171361\/revisions"}],"wp:featuredmedia":[{"embeddable":true,"href":"https:\/\/www.europesays.com\/pt\/wp-json\/wp\/v2\/media\/171362"}],"wp:attachment":[{"href":"https:\/\/www.europesays.com\/pt\/wp-json\/wp\/v2\/media?parent=171361"}],"wp:term":[{"taxonomy":"category","embeddable":true,"href":"https:\/\/www.europesays.com\/pt\/wp-json\/wp\/v2\/categories?post=171361"},{"taxonomy":"post_tag","embeddable":true,"href":"https:\/\/www.europesays.com\/pt\/wp-json\/wp\/v2\/tags?post=171361"}],"curies":[{"name":"wp","href":"https:\/\/api.w.org\/{rel}","templated":true}]}}