{"id":171367,"date":"2025-12-01T03:05:31","date_gmt":"2025-12-01T03:05:31","guid":{"rendered":"https:\/\/www.europesays.com\/pt\/171367\/"},"modified":"2025-12-01T03:05:31","modified_gmt":"2025-12-01T03:05:31","slug":"iphone-18-mais-caro-calma-a-apple-tem-truques","status":"publish","type":"post","link":"https:\/\/www.europesays.com\/pt\/171367\/","title":{"rendered":"iPhone 18 mais caro? Calma, a Apple tem truques!"},"content":{"rendered":"<p>Os pre\u00e7os dos componentes est\u00e3o a subir outra vez, e a mem\u00f3ria RAM \u00e9 neste momento o maior pesadelo da ind\u00fastria. A escassez fez disparar custos, baralhou fabricantes e at\u00e9 obrigou empresas como a NVIDIA a mudar processos internos.<\/p>\n<p>Ali\u00e1s, j\u00e1 tivemos v\u00e1rios avisos de empresas gigantescas no mundo da tecnologia, a avisar que os pre\u00e7os v\u00e3o ter de aumentar. <strong>Infelizmente, quando algo mexe nos bastidores, o consumidor sente a fatura no final.<\/strong><\/p>\n<p>Como \u00e9 \u00f3bvio, a Apple n\u00e3o est\u00e1 imune a isto. Mas\u2026<\/p>\n<p><strong>iPhone 18 mais caro por causa da mem\u00f3ria? Calma, a Apple tem truques!<\/strong><\/p>\n<p><img fetchpriority=\"high\" decoding=\"async\" class=\"aligncenter size-full wp-image-354920\" src=\"https:\/\/www.europesays.com\/pt\/wp-content\/uploads\/2025\/12\/iphone-capa-2.jpg\" alt=\"\" width=\"1100\" height=\"1462\"  \/><\/p>\n<p>A Apple n\u00e3o est\u00e1 imune a isto. Ali\u00e1s, segundo a imprensa asi\u00e1tica, o <strong>iPhone 18 Pro e o iPhone 18 Pro Max<\/strong> correm s\u00e9rios riscos de aumentar de pre\u00e7o em 2026. Infelizmente, um novo aumento parece inevit\u00e1vel.<\/p>\n<p>Mas h\u00e1 um detalhe que pode salvar a situa\u00e7\u00e3o\u2026 <strong>a Apple faz cada vez mais chips em casa<\/strong>, e\u00a0isso muda tudo.<\/p>\n<p><strong>A mem\u00f3ria est\u00e1 cara, muito cara\u2026 Um absurdo de cara!<\/strong><\/p>\n<p><img loading=\"lazy\" decoding=\"async\" class=\"aligncenter size-full wp-image-353480\" src=\"https:\/\/www.europesays.com\/pt\/wp-content\/uploads\/2025\/12\/apple-iphone-17-pro.jpg\" alt=\"\" width=\"1643\" height=\"1200\"  \/><\/p>\n<p>Um simples upgrade de mem\u00f3ria pode custar milh\u00f5es extra por ano com os pre\u00e7os atuais, e com a Apple a preparar n\u00e3o s\u00f3 o iPhone 18 Pro, mas tamb\u00e9m o seu primeiro <strong>iPhone Fold<\/strong>, o risco de esta gera\u00e7\u00e3o chegar mais cara \u00e0s lojas \u00e9 muito real.<\/p>\n<p>Mais 50 ou 100 euros parecem n\u00fameros plaus\u00edveis para o que a\u00ed vem.<\/p>\n<p><strong>Mas a Apple tem uma vantagem brutal! Controla cada vez mais o seu hardware<\/strong><\/p>\n<p>Enquanto as outras marcas compram modems, chips de conectividade e metade da eletr\u00f3nica a terceiros, a Apple est\u00e1 a cortar intermedi\u00e1rios, o que lhe permite poupar milh\u00f5es por ano.<\/p>\n<p>Eis o combo de chips que pode ajudar a segurar o pre\u00e7o do iPhone 18 Pro:<\/p>\n<ul>\n<li><strong>A20 e A20 Pro<\/strong><br \/>Usam o processo de 2nm da TSMC, que \u00e9 caro, mas como os chips s\u00e3o totalmente Apple, n\u00e3o h\u00e1 royalties para Qualcomm ou MediaTek.<\/li>\n<li><strong>C2 5G<\/strong>, o novo modem Apple<br \/>Deve chegar a toda a linha iPhone 18 e ser\u00e1 produzido em 4nm, bem mais barato.<br \/>O C1 j\u00e1 poupou cerca de <strong>10 d\u00f3lares por iPhone<\/strong> na linha 16e. No total, foram <strong>220 milh\u00f5es de d\u00f3lares<\/strong> que n\u00e3o foram para a Qualcomm.<\/li>\n<li><strong>N1 (ou N2)<\/strong>, o chip wireless da Apple<br \/>Este substitui solu\u00e7\u00f5es de terceiros como as da Broadcom. Mais uma fatia de custos eliminada.<\/li>\n<\/ul>\n<p>No fundo, a Apple est\u00e1 a reduzir a depend\u00eancia externa para absorver aumentos como o da mem\u00f3ria.\u00a0 \u00c9 estrat\u00e9gia.<\/p>\n<p><strong>Ent\u00e3o o iPhone 18 Pro vai mesmo ficar mais caro?<\/strong><\/p>\n<p>\u00c9 poss\u00edvel. Mas n\u00e3o \u00e9 garantido.<\/p>\n<p>Ali\u00e1s, enquanto todas as fabricantes de smartphones \u201cchoram\u201d por aumentos, a realidade \u00e9 que estes n\u00e3o podem acontecer nesta gera\u00e7\u00e3o. Sabes porqu\u00ea? Porque a Apple n\u00e3o aumentou os pre\u00e7os dos modelos Pro da s\u00e9rie iPhone 17.<\/p>\n<p>Como \u00e9 \u00f3bvio, nenhuma Samsung, Xiaomi, Oppo, pode ter smartphones de topo mais caros que o iPhone. Isto porque, mesmo que detestes o iPhone com todas as tuas for\u00e7as, a realidade \u00e9 que se o iPhone j\u00e1 vende mais desta forma, imagina com Androids equivalentes mais caros.<\/p>\n<p>&#8211; Advertisement &#8211;<\/p>\n","protected":false},"excerpt":{"rendered":"Os pre\u00e7os dos componentes est\u00e3o a subir outra vez, e a mem\u00f3ria RAM \u00e9 neste momento o maior&hellip;\n","protected":false},"author":2,"featured_media":171368,"comment_status":"","ping_status":"","sticky":false,"template":"","format":"standard","meta":{"footnotes":""},"categories":[84],"tags":[109,107,108,32,33,105,103,104,106,110],"class_list":{"0":"post-171367","1":"post","2":"type-post","3":"status-publish","4":"format-standard","5":"has-post-thumbnail","7":"category-ciencia-e-tecnologia","8":"tag-ciencia","9":"tag-ciencia-e-tecnologia","10":"tag-cienciaetecnologia","11":"tag-portugal","12":"tag-pt","13":"tag-science","14":"tag-science-and-technology","15":"tag-scienceandtechnology","16":"tag-technology","17":"tag-tecnologia"},"share_on_mastodon":{"url":"https:\/\/pubeurope.com\/@pt\/115642101046416850","error":""},"_links":{"self":[{"href":"https:\/\/www.europesays.com\/pt\/wp-json\/wp\/v2\/posts\/171367","targetHints":{"allow":["GET"]}}],"collection":[{"href":"https:\/\/www.europesays.com\/pt\/wp-json\/wp\/v2\/posts"}],"about":[{"href":"https:\/\/www.europesays.com\/pt\/wp-json\/wp\/v2\/types\/post"}],"author":[{"embeddable":true,"href":"https:\/\/www.europesays.com\/pt\/wp-json\/wp\/v2\/users\/2"}],"replies":[{"embeddable":true,"href":"https:\/\/www.europesays.com\/pt\/wp-json\/wp\/v2\/comments?post=171367"}],"version-history":[{"count":0,"href":"https:\/\/www.europesays.com\/pt\/wp-json\/wp\/v2\/posts\/171367\/revisions"}],"wp:featuredmedia":[{"embeddable":true,"href":"https:\/\/www.europesays.com\/pt\/wp-json\/wp\/v2\/media\/171368"}],"wp:attachment":[{"href":"https:\/\/www.europesays.com\/pt\/wp-json\/wp\/v2\/media?parent=171367"}],"wp:term":[{"taxonomy":"category","embeddable":true,"href":"https:\/\/www.europesays.com\/pt\/wp-json\/wp\/v2\/categories?post=171367"},{"taxonomy":"post_tag","embeddable":true,"href":"https:\/\/www.europesays.com\/pt\/wp-json\/wp\/v2\/tags?post=171367"}],"curies":[{"name":"wp","href":"https:\/\/api.w.org\/{rel}","templated":true}]}}