{"id":171392,"date":"2025-12-01T04:07:14","date_gmt":"2025-12-01T04:07:14","guid":{"rendered":"https:\/\/www.europesays.com\/pt\/171392\/"},"modified":"2025-12-01T04:07:14","modified_gmt":"2025-12-01T04:07:14","slug":"atriz-de-rainha-da-sucata-faz-rara-aparicao-com-o-filho-que-teve-com-marcello-antony","status":"publish","type":"post","link":"https:\/\/www.europesays.com\/pt\/171392\/","title":{"rendered":"Atriz de Rainha da Sucata faz rara apari\u00e7\u00e3o com o filho que teve com Marcello Antony"},"content":{"rendered":"<p>A atriz <a href=\"https:\/\/caras.com.br\/tags\/monica-torres\" rel=\"nofollow noopener\" target=\"_blank\"><strong>M\u00f4nica Torres<\/strong><\/a>, que <a href=\"https:\/\/caras.com.br\/tv\/voce-sabia-atriz-de-rainha-da-sucata-ja-foi-casada-com-galas-da-globo-no-passado.phtml\" rel=\"nofollow noopener\" target=\"_blank\">pode ser vista na reprise da novela Rainha da Sucata<\/a>, da Globo, reencontrou seu filho <strong>Francisco<\/strong>, de 22 anos, fruto do antigo casamento com o ator <a href=\"https:\/\/caras.com.br\/tags\/marcello-antony\" rel=\"nofollow noopener\" target=\"_blank\"><strong>Marcello Antony<\/strong><\/a>. O rapaz vive em Portugal com o pai e voltou ao Brasil para passar uma temporada com a m\u00e3e neste final de ano.<\/p>\n<p>Nas redes sociais, a artista compartilhou um v\u00eddeo carinhoso ao lado do filho ao reencontr\u00e1-lo no aeroporto. Nas imagens, os dois trocaram declara\u00e7\u00f5es de \u2018eu te amo\u2019 em um momento especial de m\u00e3e e filho.<\/p>\n<p>Vale lembrar que M\u00f4nica \u00e9 m\u00e3e de tr\u00eas filhos: <strong>Isabel Wilker<\/strong>, da rela\u00e7\u00e3o com <strong>Jos\u00e9 Wilker<\/strong>, Francisco e <strong>Stephanie<\/strong>, que foram adotados com o ator Marcello Antony.<\/p>\n<blockquote class=\"instagram-media\" style=\"background: #FFF; border: 0; border-radius: 3px; box-shadow: 0 0 1px 0 rgba(0,0,0,0.5),0 1px 10px 0 rgba(0,0,0,0.15); margin: 1px; max-width: 540px; min-width: 326px; padding: 0; width: calc(100% - 2px);\" data-instgrm-captioned=\"\" data-instgrm-permalink=\"https:\/\/www.instagram.com\/reel\/DRsCdrbDwV_\/?utm_source=ig_embed&amp;utm_campaign=loading\" data-instgrm-version=\"14\"><\/blockquote>\n<p>\t A hist\u00f3ria da ado\u00e7\u00e3o de Francisco <\/p>\n<p>H\u00e1 algum tempo, o ator Marcello Antony contou a hist\u00f3ria da ado\u00e7\u00e3o de Francisco. O processo saiu r\u00e1pido porque o beb\u00ea era soropositivo, mas nunca desenvolveu o HIV. \u201cMeu filho fez 22 anos, est\u00e1 grande e maduro, e a ideia \u00e9 justamente quebrar um tabu e incentivar mais gente a adotar, sem se importar com a condi\u00e7\u00e3o da crian\u00e7a. A maioria busca o beb\u00ea perfeito, coisa que n\u00e3o existe. A m\u00e3e do meu filho era soropositiva e assim ele nasceu, embora nunca tenha desenvolvido a doen\u00e7a. A gesta\u00e7\u00e3o foi toda bem acompanhada e n\u00e3o houve amamenta\u00e7\u00e3o \u2014 tudo para preservar o Francisco\u201c, disse o pai.<\/p>\n<p>E completou: \u201cComo era uma crian\u00e7a com o gene do HIV, ningu\u00e9m a queria. O desembargador agilizou a papelada e, em um m\u00eas, j\u00e1 era meu filho leg\u00edtimo. R\u00e1pido demais, dadas as circunst\u00e2ncias. Um processo desses costuma levar anos. Nos primeiros dias, o m\u00e9dico chegou a me indagar se eu tinha certeza, se n\u00e3o era o caso de virar tutor dele. Eu poderia me arrepender depois, argumentou. O que ele n\u00e3o entendeu \u00e9 que nada disso importava \u2014 Francisco j\u00e1 era meu filho. E o tema nunca foi tabu l\u00e1 em casa. Hoje moramos em Lisboa, onde ele \u00e9 auxiliar de cozinha numa rede de comida natureba e est\u00e1 prestes a virar o chefe de todo o staff. Dos meus cinco filhos e filhas, \u00e9 o \u00fanico que mora sozinho. Est\u00e1 com \u00f3tima sa\u00fade e vem criando casca, descobrindo sua independ\u00eancia. Um pouco mais para a frente, planeja se mudar para a It\u00e1lia, estudar em uma escola de gastronomia e se transformar em um grande chef\u201c.<\/p>\n<p><strong>Leia tamb\u00e9m<\/strong>: <a href=\"https:\/\/caras.com.br\/novelas\/monica-torres-volta-ao-brasil-com-personagem-misteriosa-em-beleza-fatal-ela-revela.phtml\" rel=\"nofollow noopener\" target=\"_blank\">M\u00f4nica Torres volta ao Brasil com personagem misteriosa em Beleza Fatal: \u2018Ela revela\u2019<\/a><\/p>\n<p>        <a href=\"https:\/\/caras.com.br\/autor\/priscilla-comoti\" rel=\"nofollow noopener\" target=\"_blank\">&#13;<br \/>\n          <img loading=\"lazy\" alt=\"Priscilla Comoti\" src=\"https:\/\/www.europesays.com\/pt\/wp-content\/uploads\/2025\/12\/e53883bdf02c542f6517b68879e8cb08b27a1d55c4dfd53577e47d3ab6331a06\"  class=\"avatar avatar-115 photo rounded-circle mr-3\" height=\"115\" width=\"115\" decoding=\"async\"\/>        <\/a><\/p>\n<p>Priscilla Comoti \u00e9 editora de conte\u00fado do site CARAS. Ela \u00e9 formada em jornalismo e em audiovisual, j\u00e1 passou pelos sites Contigo!, Minha Novela, TiTiTi, Mais Novela e Portal M\u00e1rcia Piovesan. Escreve sobre celebridades, not\u00edcias sobre a fam\u00edlia real brit\u00e2nica, TV, reality show e novelas.<\/p>\n<p>\t                                            <script async src=\"\/\/www.instagram.com\/embed.js\"><\/script><\/p>\n","protected":false},"excerpt":{"rendered":"A atriz M\u00f4nica Torres, que pode ser vista na reprise da novela Rainha da Sucata, da Globo, reencontrou&hellip;\n","protected":false},"author":2,"featured_media":171393,"comment_status":"","ping_status":"","sticky":false,"template":"","format":"standard","meta":{"footnotes":""},"categories":[145],"tags":[211,210,114,115,3435,35914,32,33],"class_list":{"0":"post-171392","1":"post","2":"type-post","3":"status-publish","4":"format-standard","5":"has-post-thumbnail","7":"category-celebridades","8":"tag-celebridades","9":"tag-celebrities","10":"tag-entertainment","11":"tag-entretenimento","12":"tag-filho","13":"tag-monica-torres","14":"tag-portugal","15":"tag-pt"},"share_on_mastodon":{"url":"https:\/\/pubeurope.com\/@pt\/115642344862597394","error":""},"_links":{"self":[{"href":"https:\/\/www.europesays.com\/pt\/wp-json\/wp\/v2\/posts\/171392","targetHints":{"allow":["GET"]}}],"collection":[{"href":"https:\/\/www.europesays.com\/pt\/wp-json\/wp\/v2\/posts"}],"about":[{"href":"https:\/\/www.europesays.com\/pt\/wp-json\/wp\/v2\/types\/post"}],"author":[{"embeddable":true,"href":"https:\/\/www.europesays.com\/pt\/wp-json\/wp\/v2\/users\/2"}],"replies":[{"embeddable":true,"href":"https:\/\/www.europesays.com\/pt\/wp-json\/wp\/v2\/comments?post=171392"}],"version-history":[{"count":0,"href":"https:\/\/www.europesays.com\/pt\/wp-json\/wp\/v2\/posts\/171392\/revisions"}],"wp:featuredmedia":[{"embeddable":true,"href":"https:\/\/www.europesays.com\/pt\/wp-json\/wp\/v2\/media\/171393"}],"wp:attachment":[{"href":"https:\/\/www.europesays.com\/pt\/wp-json\/wp\/v2\/media?parent=171392"}],"wp:term":[{"taxonomy":"category","embeddable":true,"href":"https:\/\/www.europesays.com\/pt\/wp-json\/wp\/v2\/categories?post=171392"},{"taxonomy":"post_tag","embeddable":true,"href":"https:\/\/www.europesays.com\/pt\/wp-json\/wp\/v2\/tags?post=171392"}],"curies":[{"name":"wp","href":"https:\/\/api.w.org\/{rel}","templated":true}]}}