{"id":171394,"date":"2025-12-01T04:14:21","date_gmt":"2025-12-01T04:14:21","guid":{"rendered":"https:\/\/www.europesays.com\/pt\/171394\/"},"modified":"2025-12-01T04:14:21","modified_gmt":"2025-12-01T04:14:21","slug":"agencia-associa-ao-menos-10-mortes-infantis-a-vacinas-da-covid-19","status":"publish","type":"post","link":"https:\/\/www.europesays.com\/pt\/171394\/","title":{"rendered":"Ag\u00eancia associa ao menos 10 mortes infantis a vacinas da Covid-19"},"content":{"rendered":"<p><img decoding=\"async\" fetchpriority=\"high\" src=\"https:\/\/www.europesays.com\/pt\/wp-content\/uploads\/2025\/12\/65218yd8eb4ehlm1xtt4xtfqq.jpg\" width=\"906\" height=\"509\" alt=\"Estudo indica liga\u00e7\u00e3o entre vacina contra Covid-19 e mortes de crian\u00e7as\" title=\"Estudo indica liga\u00e7\u00e3o entre vacina contra Covid-19 e mortes de crian\u00e7as\"\/>Rovena Rosa\/Ag\u00eancia Brasil<\/p>\n<p>Estudo indica liga\u00e7\u00e3o entre vacina contra Covid-19 e mortes de crian\u00e7as<\/p>\n<p>Uma an\u00e1lise da ag\u00eancia americana sanit\u00e1ria ( <strong>U.S. Food and Drug Administration &#8211; FDA<\/strong>) aponta que a vacina\u00e7\u00e3o contra <strong>Covid-19<\/strong> provavelmente contribuiu para a morte de ao menos 10 crian\u00e7as, que faleceram devido a inflama\u00e7\u00e3o card\u00edaca. As informa\u00e7\u00f5es foram divulgadas pelo diretor m\u00e9dico-cient\u00edfico do \u00f3rg\u00e3o, <strong>Vinay Prasad<\/strong>.<\/p>\n<p>Segundo a ag\u00eancia de not\u00edcias Reuters, um memorando emitido pela FDA afirma que os casos envolvem crian\u00e7as entre sete a 16 anos e foram considerados como &#8220;poss\u00edvel atribui\u00e7\u00e3o&#8221;<a href=\"https:\/\/ultimosegundo.ig.com.br\/brasil\/2025-09-06\/crianca-6-anos-vivia-carcere-sem-acesso-escola-vacina.html\" target=\"_blank\" rel=\"noopener nofollow\" data-mce-href=\"https:\/\/ultimosegundo.ig.com.br\/brasil\/2025-09-06\/crianca-6-anos-vivia-carcere-sem-acesso-escola-vacina.html\" data-mce->\u00e0 vacina\u00e7\u00e3o<\/a>.<\/p>\n<p>\u201cEsta \u00e9 uma revela\u00e7\u00e3o profunda. Pela primeira vez, a FDA reconhecer\u00e1 que vacinas contra a Covid-19 mataram crian\u00e7as americanas\u201d, escreveu Prasad.<\/p>\n<p>Casos revistos<img decoding=\"async\" fetchpriority=\"high\" src=\"https:\/\/www.europesays.com\/pt\/wp-content\/uploads\/2025\/12\/336byru2d7letdj3gdkb6rtic.jpg\" width=\"906\" height=\"509\" alt=\"An\u00e1lise n\u00e3o foi revista por outros especialistas\" title=\"An\u00e1lise n\u00e3o foi revista por outros especialistas\"\/>Reprodu\u00e7\u00e3o: pixabay<\/p>\n<p>An\u00e1lise n\u00e3o foi revista por outros especialistas<\/p>\n<p class=\"\">A revis\u00e3o levou em conta 96 mortes registradas entre 2021 e 2024, mas o documento n\u00e3o especifica as condi\u00e7\u00f5es de sa\u00fade das crian\u00e7as nem os laborat\u00f3rios\u00a0 <a href=\"https:\/\/ultimosegundo.ig.com.br\/mundo\/2025-09-03\/governo-da-florida-quer-eliminar-exigencia-de-vacinacao-infantil.html\" target=\"_blank\" rel=\"noopener nofollow\" data-mce-href=\"https:\/\/ultimosegundo.ig.com.br\/mundo\/2025-09-03\/governo-da-florida-quer-eliminar-exigencia-de-vacinacao-infantil.html\" data-mce->respons\u00e1veis pelas vacinas<\/a> utilizadas.<\/p>\n<p>Por causa do resultado, a ag\u00eancia anunciou que pretende endurecer o processo de aprova\u00e7\u00e3o de vacinas, exigindo estudos mais rigorosos para diferentes grupos, incluindo crian\u00e7as e gestantes.<\/p>\n<p>Revis\u00e3o por pares<\/p>\n<p>As conclus\u00f5es da nova revis\u00e3o da FDA ainda n\u00e3o foram publicadas em uma revista m\u00e9dica com revis\u00e3o por pares, informou o New York Times.\u00a0O comit\u00ea de vacinas dos Centros de Controle e Preven\u00e7\u00e3o de Doen\u00e7as (CDC) se reunir\u00e1 na pr\u00f3xima semana sobre o tema.<\/p>\n<p>Especialistas ouvidos pela Reuters demostraram preocupa\u00e7\u00e3o com a decis\u00e3o. Eles alertam que a an\u00e1lise ainda n\u00e3o passou por revis\u00e3o de outros especialistas (revis\u00e3o por pares) e que ligar as mortes diretamente \u00e0 vacina exige provas mais s\u00f3lidas.<\/p>\n<p>Aut\u00f3psias e outros tipos de investiga\u00e7\u00f5es para descartar causas diferentes n\u00e3o foram publicados. Al\u00e9m disso, foi ressaltado que o Dr. Prasad n\u00e3o \u00e9 especialista em vacinas. Ele \u00e9 um oncologista que criticava abertamente a vacina\u00e7\u00e3o contra a COVID-19 e a obrigatoriedade do uso de m\u00e1scaras nos EUA, reassumiu seu cargo como diretor m\u00e9dico e cient\u00edfico da FDA em setembro.<\/p>\n<p>A pol\u00eamica surge em meio a mudan\u00e7as dr\u00e1sticas na pol\u00edtica americana de imuniza\u00e7\u00e3o, lideradas pelo secret\u00e1rio de sa\u00fade Robert F. Kennedy Jr., que limitou o acesso \u00e0s vacinas Covid-19 a idosos e pessoas com comorbidades.<\/p>\n<p>Leia mais<\/p>\n","protected":false},"excerpt":{"rendered":"Rovena Rosa\/Ag\u00eancia Brasil Estudo indica liga\u00e7\u00e3o entre vacina contra Covid-19 e mortes de crian\u00e7as Uma an\u00e1lise da ag\u00eancia&hellip;\n","protected":false},"author":2,"featured_media":171395,"comment_status":"","ping_status":"","sticky":false,"template":"","format":"standard","meta":{"footnotes":""},"categories":[86],"tags":[836,2641,116,35915,6115,32,33,117,2820],"class_list":{"0":"post-171394","1":"post","2":"type-post","3":"status-publish","4":"format-standard","5":"has-post-thumbnail","7":"category-saude","8":"tag-analise","9":"tag-covid-19","10":"tag-health","11":"tag-pesquisa-nos-eua","12":"tag-pesquisadores","13":"tag-portugal","14":"tag-pt","15":"tag-saude","16":"tag-vacinacao"},"share_on_mastodon":{"url":"https:\/\/pubeurope.com\/@pt\/115642372442071123","error":""},"_links":{"self":[{"href":"https:\/\/www.europesays.com\/pt\/wp-json\/wp\/v2\/posts\/171394","targetHints":{"allow":["GET"]}}],"collection":[{"href":"https:\/\/www.europesays.com\/pt\/wp-json\/wp\/v2\/posts"}],"about":[{"href":"https:\/\/www.europesays.com\/pt\/wp-json\/wp\/v2\/types\/post"}],"author":[{"embeddable":true,"href":"https:\/\/www.europesays.com\/pt\/wp-json\/wp\/v2\/users\/2"}],"replies":[{"embeddable":true,"href":"https:\/\/www.europesays.com\/pt\/wp-json\/wp\/v2\/comments?post=171394"}],"version-history":[{"count":0,"href":"https:\/\/www.europesays.com\/pt\/wp-json\/wp\/v2\/posts\/171394\/revisions"}],"wp:featuredmedia":[{"embeddable":true,"href":"https:\/\/www.europesays.com\/pt\/wp-json\/wp\/v2\/media\/171395"}],"wp:attachment":[{"href":"https:\/\/www.europesays.com\/pt\/wp-json\/wp\/v2\/media?parent=171394"}],"wp:term":[{"taxonomy":"category","embeddable":true,"href":"https:\/\/www.europesays.com\/pt\/wp-json\/wp\/v2\/categories?post=171394"},{"taxonomy":"post_tag","embeddable":true,"href":"https:\/\/www.europesays.com\/pt\/wp-json\/wp\/v2\/tags?post=171394"}],"curies":[{"name":"wp","href":"https:\/\/api.w.org\/{rel}","templated":true}]}}