{"id":171408,"date":"2025-12-01T04:38:09","date_gmt":"2025-12-01T04:38:09","guid":{"rendered":"https:\/\/www.europesays.com\/pt\/171408\/"},"modified":"2025-12-01T04:38:09","modified_gmt":"2025-12-01T04:38:09","slug":"barcellos-se-emociona-ao-apresentar-abel-braga-e-exalta-gesto-do-tecnico-em-trabalhar-sem-salario","status":"publish","type":"post","link":"https:\/\/www.europesays.com\/pt\/171408\/","title":{"rendered":"Barcellos se emociona ao apresentar Abel Braga e exalta gesto do t\u00e9cnico em trabalhar sem sal\u00e1rio"},"content":{"rendered":"<p>O presidente Alessandro Barcellos surgiu na sala de confer\u00eancias do Beira-Rio para <a href=\"https:\/\/www.correiodopovo.com.br\/abel-braga-em-sua-chegada-ao-inter-o-maluco-assumiu-porque-confia-1.1671696\" target=\"_blank\" rel=\"nofollow noopener\"><strong>a apresenta\u00e7\u00e3o de Abel Braga<\/strong><\/a> com um semblante visivelmente abatido e chegou a se emocionar ao anunciar que o treinador atuar\u00e1 na reta final do Brasileir\u00e3o sem receber sal\u00e1rios. Ele reconheceu que &#8220;o momento \u00e9 muito dif\u00edcil&#8221; e destacou que as compet\u00eancias do t\u00e9cnico podem ser determinantes para evitar o rebaixamento, refor\u00e7ando sua confian\u00e7a no trabalho do comandante.<\/p>\n<p>&#8220;Ele (Abel) pediu para vir, em um momento desses, t\u00e3o dif\u00edcil, com um contrato sem remunera\u00e7\u00e3o. Foi uma decis\u00e3o dele. Isso engrandece ainda mais a trajet\u00f3ria do Abel no Inter&#8221;, afirmou Barcellos, acrescentando: &#8220;\u00c9 um gesto que jamais ser\u00e1 esquecido. Todos juntos, temos condi\u00e7\u00f5es de dar a volta por cima&#8221;.<\/p>\n<p>O presidente tamb\u00e9m enfatizou a habilidade de Abel em unir o grupo, lembrando que esta ser\u00e1 a oitava passagem do treinador pelo clube. &#8220;A conversa dele conosco energizou a todos. A gente vai fazer de tudo para dar todas as condi\u00e7\u00f5es para que ele e os atletas nos tirem dessa situa\u00e7\u00e3o dif\u00edcil&#8221;, refor\u00e7ou o dirigente.<\/p>\n<p>Abel assume o comando ap\u00f3s a <a href=\"https:\/\/www.correiodopovo.com.br\/esportes\/inter\/inter-demite-ramon-diaz-a-duas-rodadas-do-fim-do-brasileirao-1.1671482\" target=\"_blank\" rel=\"nofollow noopener\"><strong>sa\u00edda de Ram\u00f3n e Emiliano D\u00edaz, demitidos no s\u00e1bado, um dia depois da goleada por 5 a 1 sofrida para o Vasco da Gama, em S\u00e3o Janu\u00e1rio<\/strong><\/a>. A dupla ter\u00e1 direito ao pagamento de mais um sal\u00e1rio, previsto como multa contratual.<\/p>\n<p>Durante sua fala, Abel, que inicialmente ficar\u00e1 apenas at\u00e9 o pr\u00f3ximo domingo, afirmou que tem interesse em permanecer no Inter no ano que vem, mas exercendo outra fun\u00e7\u00e3o. Ele elogiou o diretor esportivo D\u2019Alessandro, que tamb\u00e9m se emocionou durante a coletiva, e admitiu considerar essa possibilidade caso seja convidado. &#8220;A minha preocupa\u00e7\u00e3o s\u00e3o esses dois cinco jogos. Eu penso que daria jogo trabalhar junto com o D\u2019Alessandro\u2026 Vamos ver o que vai acontecer na frente. N\u00e3o tem como prever o futuro no futebol&#8221;, finalizou.<\/p>\n<p>Veja Tamb\u00e9m<\/p>\n","protected":false},"excerpt":{"rendered":"O presidente Alessandro Barcellos surgiu na sala de confer\u00eancias do Beira-Rio para a apresenta\u00e7\u00e3o de Abel Braga com&hellip;\n","protected":false},"author":2,"featured_media":171409,"comment_status":"","ping_status":"","sticky":false,"template":"","format":"standard","meta":{"footnotes":""},"categories":[145],"tags":[35916,35917,25765,211,210,114,115,82,32,33,35918],"class_list":{"0":"post-171408","1":"post","2":"type-post","3":"status-publish","4":"format-standard","5":"has-post-thumbnail","7":"category-celebridades","8":"tag-abel-braga","9":"tag-alessandro-barcellos","10":"tag-campeonato-brasileiro","11":"tag-celebridades","12":"tag-celebrities","13":"tag-entertainment","14":"tag-entretenimento","15":"tag-internacional","16":"tag-portugal","17":"tag-pt","18":"tag-rebaixamento"},"share_on_mastodon":{"url":"https:\/\/pubeurope.com\/@pt\/115642466524531709","error":""},"_links":{"self":[{"href":"https:\/\/www.europesays.com\/pt\/wp-json\/wp\/v2\/posts\/171408","targetHints":{"allow":["GET"]}}],"collection":[{"href":"https:\/\/www.europesays.com\/pt\/wp-json\/wp\/v2\/posts"}],"about":[{"href":"https:\/\/www.europesays.com\/pt\/wp-json\/wp\/v2\/types\/post"}],"author":[{"embeddable":true,"href":"https:\/\/www.europesays.com\/pt\/wp-json\/wp\/v2\/users\/2"}],"replies":[{"embeddable":true,"href":"https:\/\/www.europesays.com\/pt\/wp-json\/wp\/v2\/comments?post=171408"}],"version-history":[{"count":0,"href":"https:\/\/www.europesays.com\/pt\/wp-json\/wp\/v2\/posts\/171408\/revisions"}],"wp:featuredmedia":[{"embeddable":true,"href":"https:\/\/www.europesays.com\/pt\/wp-json\/wp\/v2\/media\/171409"}],"wp:attachment":[{"href":"https:\/\/www.europesays.com\/pt\/wp-json\/wp\/v2\/media?parent=171408"}],"wp:term":[{"taxonomy":"category","embeddable":true,"href":"https:\/\/www.europesays.com\/pt\/wp-json\/wp\/v2\/categories?post=171408"},{"taxonomy":"post_tag","embeddable":true,"href":"https:\/\/www.europesays.com\/pt\/wp-json\/wp\/v2\/tags?post=171408"}],"curies":[{"name":"wp","href":"https:\/\/api.w.org\/{rel}","templated":true}]}}