{"id":171410,"date":"2025-12-01T04:48:22","date_gmt":"2025-12-01T04:48:22","guid":{"rendered":"https:\/\/www.europesays.com\/pt\/171410\/"},"modified":"2025-12-01T04:48:22","modified_gmt":"2025-12-01T04:48:22","slug":"china-lanca-novo-satelite-no-espaco-xinhua","status":"publish","type":"post","link":"https:\/\/www.europesays.com\/pt\/171410\/","title":{"rendered":"China lan\u00e7a novo sat\u00e9lite no espa\u00e7o-Xinhua"},"content":{"rendered":"<p style=\"text-align: left;\">Um foguete transportador Longa Marcha-7 modificado, transportando o sat\u00e9lite Shijian-28, decola do Campo de Lan\u00e7amento Espacial de Wenchang, na Prov\u00edncia de Hainan, no sul da China, em 30 de novembro de 2025.\u00a0(Foto por Du Xinxin\/Xinhua)<\/p>\n<p>Wenchang, Hainan, 30 nov (Xinhua) &#8212; A China lan\u00e7ou no domingo um novo sat\u00e9lite do Campo de Lan\u00e7amento Espacial de Wenchang, na prov\u00edncia insular de Hainan, no sul do pa\u00eds.<\/p>\n<p>O sat\u00e9lite Shijian-28 foi lan\u00e7ado \u00e0s 20h20 (hor\u00e1rio de Beijing) a bordo de um foguete transportador Longa Marcha-7 modificado. Ele entrou com sucesso em sua \u00f3rbita pr\u00e9-definida.<\/p>\n<p>Esta foi a 611\u00aa miss\u00e3o de voo dos foguetes transportadores da s\u00e9rie Longa Marcha.<\/p>\n<p><img decoding=\"async\" id=\"TvC54WXhmfCxUMMmyU\" style=\"display: block; margin-left: auto; margin-right: auto;\" src=\"https:\/\/www.europesays.com\/pt\/wp-content\/uploads\/2025\/12\/oTFGbockytYUyJUH.jpeg\" data-material-id=\"25113011039453\" data-name=\"2025113048fd04bd022f42f794f209bc9c5eb7ab.jpg\"\/><\/p>\n<p style=\"text-align: left;\">Um foguete transportador Longa Marcha-7 modificado, transportando o sat\u00e9lite Shijian-28, decola do Campo de Lan\u00e7amento Espacial de Wenchang, na Prov\u00edncia de Hainan, no sul da China, em 30 de novembro de 2025.\u00a0(Foto por Du Xinxin\/Xinhua)<\/p>\n<p style=\"text-align: center;\"><img decoding=\"async\" id=\"Yw5JmmTM7D1YdQedyM\" src=\"https:\/\/www.europesays.com\/pt\/wp-content\/uploads\/2025\/12\/AgWBt78KZxoX2Mws.jpeg\" data-material-id=\"25113006513838\" data-name=\"20251130b6553c8e1fb4431e9a156060bae88944.jpg\"\/><\/p>\n<p style=\"text-align: left;\">Um foguete transportador Longa Marcha-7 modificado, transportando o sat\u00e9lite Shijian-28, decola do Campo de Lan\u00e7amento Espacial de Wenchang, na Prov\u00edncia de Hainan, no sul da China, em 30 de novembro de 2025.\u00a0(Xinhua\/Yang Guanyu)<\/p>\n<p style=\"text-align: center;\"><img decoding=\"async\" id=\"H8QaRVIxhh28k2GUun\" src=\"https:\/\/www.europesays.com\/pt\/wp-content\/uploads\/2025\/12\/1C7UcvbnQX7Ohirh.jpeg\" data-material-id=\"25113007488499\" data-name=\"202511309b667ac3364542b3a73ea0cd6d6d6d0a.jpg\"\/><\/p>\n<p style=\"text-align: left;\">Um foguete transportador Longa Marcha-7 modificado, transportando o sat\u00e9lite Shijian-28, decola do Campo de Lan\u00e7amento Espacial de Wenchang, na Prov\u00edncia de Hainan, no sul da China, em 30 de novembro de 2025.\u00a0(Xinhua\/Yang Guanyu)<\/p>\n<p style=\"text-align: center;\"><img decoding=\"async\" id=\"nDkgRiSkfmcRKa9etH\" src=\"https:\/\/www.europesays.com\/pt\/wp-content\/uploads\/2025\/12\/7r9JaJnTIh4WAUsN.jpeg\" data-material-id=\"25113009189513\" data-name=\"202511304ba9f151b8c745efa872c353244a88ec.jpg\"\/><\/p>\n<p style=\"text-align: left;\">Um foguete transportador Longa Marcha-7 modificado, transportando o sat\u00e9lite Shijian-28, decola do Campo de Lan\u00e7amento Espacial de Wenchang, na Prov\u00edncia de Hainan, no sul da China, em 30 de novembro de 2025.\u00a0(Xinhua\/Yang Guanyu)<\/p>\n<p style=\"text-align: center;\"><img decoding=\"async\" id=\"ZkebskUdzC0LAk7hKH\" src=\"https:\/\/www.europesays.com\/pt\/wp-content\/uploads\/2025\/12\/b2NbhsfzfzXO5B2x.jpeg\" data-material-id=\"25113004827865\" data-name=\"20251130246dda2556c5414e834d954a881ba7d5.jpg\"\/><\/p>\n<p style=\"text-align: left;\">Um foguete transportador Longa Marcha-7 modificado, transportando o sat\u00e9lite Shijian-28, decola do Campo de Lan\u00e7amento Espacial de Wenchang, na Prov\u00edncia de Hainan, no sul da China, em 30 de novembro de 2025.\u00a0(Xinhua\/Yang Guanyu)<\/p>\n","protected":false},"excerpt":{"rendered":"Um foguete transportador Longa Marcha-7 modificado, transportando o sat\u00e9lite Shijian-28, decola do Campo de Lan\u00e7amento Espacial de Wenchang,&hellip;\n","protected":false},"author":2,"featured_media":171411,"comment_status":"","ping_status":"","sticky":false,"template":"","format":"standard","meta":{"footnotes":""},"categories":[84],"tags":[358,109,107,108,32,33,2805,105,103,104,106,110],"class_list":{"0":"post-171410","1":"post","2":"type-post","3":"status-publish","4":"format-standard","5":"has-post-thumbnail","7":"category-ciencia-e-tecnologia","8":"tag-china","9":"tag-ciencia","10":"tag-ciencia-e-tecnologia","11":"tag-cienciaetecnologia","12":"tag-portugal","13":"tag-pt","14":"tag-satelite","15":"tag-science","16":"tag-science-and-technology","17":"tag-scienceandtechnology","18":"tag-technology","19":"tag-tecnologia"},"share_on_mastodon":{"url":"https:\/\/pubeurope.com\/@pt\/115642506261410932","error":""},"_links":{"self":[{"href":"https:\/\/www.europesays.com\/pt\/wp-json\/wp\/v2\/posts\/171410","targetHints":{"allow":["GET"]}}],"collection":[{"href":"https:\/\/www.europesays.com\/pt\/wp-json\/wp\/v2\/posts"}],"about":[{"href":"https:\/\/www.europesays.com\/pt\/wp-json\/wp\/v2\/types\/post"}],"author":[{"embeddable":true,"href":"https:\/\/www.europesays.com\/pt\/wp-json\/wp\/v2\/users\/2"}],"replies":[{"embeddable":true,"href":"https:\/\/www.europesays.com\/pt\/wp-json\/wp\/v2\/comments?post=171410"}],"version-history":[{"count":0,"href":"https:\/\/www.europesays.com\/pt\/wp-json\/wp\/v2\/posts\/171410\/revisions"}],"wp:featuredmedia":[{"embeddable":true,"href":"https:\/\/www.europesays.com\/pt\/wp-json\/wp\/v2\/media\/171411"}],"wp:attachment":[{"href":"https:\/\/www.europesays.com\/pt\/wp-json\/wp\/v2\/media?parent=171410"}],"wp:term":[{"taxonomy":"category","embeddable":true,"href":"https:\/\/www.europesays.com\/pt\/wp-json\/wp\/v2\/categories?post=171410"},{"taxonomy":"post_tag","embeddable":true,"href":"https:\/\/www.europesays.com\/pt\/wp-json\/wp\/v2\/tags?post=171410"}],"curies":[{"name":"wp","href":"https:\/\/api.w.org\/{rel}","templated":true}]}}