{"id":171412,"date":"2025-12-01T04:50:19","date_gmt":"2025-12-01T04:50:19","guid":{"rendered":"https:\/\/www.europesays.com\/pt\/171412\/"},"modified":"2025-12-01T04:50:19","modified_gmt":"2025-12-01T04:50:19","slug":"cotrim-publica-denuncias-de-sondagens-que-excluem-o-seu-nome-observador","status":"publish","type":"post","link":"https:\/\/www.europesays.com\/pt\/171412\/","title":{"rendered":"Cotrim publica den\u00fancias de sondagens que excluem o seu nome \u2013 Observador"},"content":{"rendered":"<p>Jo\u00e3o Cotrim Figueiredo, candidato \u00e0 Presid\u00eancia da Rep\u00fablica, denunciou o trabalho feito por empresas de sondagens com recurso a testemunhos que d\u00e3o conta de que o seu nome n\u00e3o surge nos inqu\u00e9ritos. O ex-presidente da IL j\u00e1 tinha criticado a <a href=\"https:\/\/expresso.pt\/politica\/eleicoes\/presidenciais-2026\/2025-11-27-sondagem-expresso-sic-ventura-e-gouveia-lideram-primeira-volta-dc546a9a\" rel=\"nofollow noopener\" target=\"_blank\">\u00faltima sondagem<\/a> da SIC\/Expresso \u2014 que o colocou nos 3% \u2014, quando dias antes, numa pesquisa de outra empresa, <a href=\"https:\/\/observador.pt\/2025\/11\/20\/nova-sondagem-mantem-lideranca-de-marques-mendes-seguro-surge-atras-de-cotrim-de-figueiredo\/\" rel=\"nofollow noopener\" target=\"_blank\">surgia com 11,5% \u00e0 frente de Ant\u00f3nio Jos\u00e9 Seguro<\/a>.<\/p>\n<p>Nas redes sociais, Cotrim publicou uma mensagem que denuncia que o seu nome est\u00e1 a ser exclu\u00eddo das perguntas feitas no bar\u00f3metro. \u201cAo ser abordada para uma sondagem via telefone, qual n\u00e3o foi o meu <strong>espanto<\/strong> quando apenas me davam quatro op\u00e7\u00f5es de escolha, fosse numa primeira fase, fosse na segunda\u201d, come\u00e7a por contar a cidad\u00e3 que reportou o sucedido, acrescentando que o inqu\u00e9rito se iniciou com uma pergunta sobre se \u201c<strong>j\u00e1 tinha a certeza em quem ia votar<\/strong>\u201d e prosseguiu para o seguinte: \u201cSe fosse naquele momento em quem votava: Lu\u00eds Marques Mendes, Henrique Gouveia e Melo, Andr\u00e9 Ventura ou Ant\u00f3nio Jos\u00e9 Seguro.\u201d<\/p>\n<p>\u201cEu respondi que estava indecisa e precisamente <strong>um dos nomes da minha indecis\u00e3o, estranhamente, n\u00e3o estava a ser colocado como hip\u00f3tese<\/strong>. Mas assim continuou o inqu\u00e9rito. Na segunda volta a pergunta inclu\u00eda v\u00e1rias op\u00e7\u00f5es, mas somente os mesmos quatro nomes. Dadas as op\u00e7\u00f5es, fui \u2018obrigada\u2019 a indicar sempre o mesmo nome, n\u00e3o me sendo dada a hip\u00f3tese de indicar o Jo\u00e3o Cotrim Figueiredo\u201d, explica a mensagem partilhada nas redes sociais do candidato apoiado pela IL. No mesmo contacto, a pessoa em causa refere que o nome de Cotrim apenas foi indicado \u201cnum bar\u00f3metro de 0-10 quem era mais \u00e0 esquerda ou direita\u201d.<\/p>\n<p>No seguimento da den\u00fancia de Cotrim, em resposta \u00e0 hist\u00f3ria que partilhou no Instagram, outros seguidores denunciaram exatamente a mesma experi\u00eancia, revelando que tamb\u00e9m s\u00f3 tinham os quatro nomes j\u00e1 referidos entre as op\u00e7\u00f5es de escolha. Perante os testemunhos, o candidato presidencial que \u00e9 eurodeputado eleito pela IL resumiu: \u201cAs sondagens s\u00e3o como as salsichas. Quando se vai ver como s\u00e3o feitas <strong>n\u00e3o \u00e9 nada bom<\/strong>.\u201d<\/p>\n<blockquote class=\"twitter-tweet\" data-width=\"500\" data-dnt=\"true\">\n<p lang=\"pt\" dir=\"ltr\">As sondagens s\u00e3o como as salsichas. Quando se vai ver como s\u00e3o feitas n\u00e3o \u00e9 nada bom. <a href=\"https:\/\/t.co\/Rn5rboSlAY\" rel=\"nofollow\">pic.twitter.com\/Rn5rboSlAY<\/a><\/p>\n<p>\u2014 Jo\u00e3o Cotrim Figueiredo (@jcf_liberal) <a href=\"https:\/\/twitter.com\/jcf_liberal\/status\/1995179208985948201?ref_src=twsrc%5Etfw\" rel=\"nofollow noopener\" target=\"_blank\">November 30, 2025<\/a><\/p>\n<\/blockquote>\n<p>J\u00e1 depois da \u00faltima sondagem para a SIC e Expresso, Cotrim mostrou-se <strong>indignado<\/strong>, adjetivando a sondagem como \u201c<strong>absolutamente inacredit\u00e1vel<\/strong>\u201c, sublinhando que o resultado \u00e9 \u201cinferior ao que tinha nas sondagens antes de anunciar a candidatura\u201d. \u201cDas duas uma: <strong>enganaram-se sem querer ou enganaram-se de prop\u00f3sito<\/strong>. Se foi sem querer \u00e9 grave porque \u00e9 incompet\u00eancia, n\u00e3o seria imposs\u00edvel porque esta empresa de sondagens sempre subestimou os meus resultados, a tr\u00eas semanas do ato eleitoral das europeias deram-me menos de metade do resultado que efetivamente tive; e se \u00e9 de prop\u00f3sito, pior ainda, \u00e9 para gerar um clima de favorecimento ao voto \u00fatil em alguma candidatura?\u201d, referiu.<\/p>\n<p>Sobre a mesma sondagem, ainda deixou uma pergunta no ar: \u201cN\u00e3o ser\u00e1 isto manipular a opini\u00e3o dos portugueses?\u201d<\/p>\n<blockquote class=\"twitter-tweet\" data-width=\"500\" data-dnt=\"true\">\n<p lang=\"pt\" dir=\"ltr\">\u00c9 inacredit\u00e1vel esta sondagem da SIC. Que acham disto? <\/p>\n<p>N\u00e3o ser\u00e1 isto manipular a opini\u00e3o dos portugueses? <a href=\"https:\/\/t.co\/Z5eoq4sOYp\" rel=\"nofollow\">pic.twitter.com\/Z5eoq4sOYp<\/a><\/p>\n<p>\u2014 Jo\u00e3o Cotrim Figueiredo (@jcf_liberal) <a href=\"https:\/\/twitter.com\/jcf_liberal\/status\/1994153774177247369?ref_src=twsrc%5Etfw\" rel=\"nofollow noopener\" target=\"_blank\">November 27, 2025<\/a><\/p>\n<\/blockquote>\n<p>            <script async src=\"https:\/\/platform.twitter.com\/widgets.js\" charset=\"utf-8\"><\/script><\/p>\n","protected":false},"excerpt":{"rendered":"Jo\u00e3o Cotrim Figueiredo, candidato \u00e0 Presid\u00eancia da Rep\u00fablica, denunciou o trabalho feito por empresas de sondagens com recurso&hellip;\n","protected":false},"author":2,"featured_media":171413,"comment_status":"","ping_status":"","sticky":false,"template":"","format":"standard","meta":{"footnotes":""},"categories":[50],"tags":[27,28,1077,15,16,14,4578,7606,25,26,21,22,62,12,13,19,20,302,1076,23,24,17,18,29,30,31,63,64,65],"class_list":{"0":"post-171412","1":"post","2":"type-post","3":"status-publish","4":"format-standard","5":"has-post-thumbnail","7":"category-mundo","8":"tag-breaking-news","9":"tag-breakingnews","10":"tag-eleiu00e7u00f5es","11":"tag-featured-news","12":"tag-featurednews","13":"tag-headlines","14":"tag-iniciativa-liberal","15":"tag-jou00e3o-cotrim-de-figueiredo","16":"tag-latest-news","17":"tag-latestnews","18":"tag-main-news","19":"tag-mainnews","20":"tag-mundo","21":"tag-news","22":"tag-noticias","23":"tag-noticias-principais","24":"tag-noticiasprincipais","25":"tag-polu00edtica","26":"tag-presidenciais-2026","27":"tag-principais-noticias","28":"tag-principaisnoticias","29":"tag-top-stories","30":"tag-topstories","31":"tag-ultimas","32":"tag-ultimas-noticias","33":"tag-ultimasnoticias","34":"tag-world","35":"tag-world-news","36":"tag-worldnews"},"share_on_mastodon":{"url":"","error":"Validation failed: Text character limit of 500 exceeded"},"_links":{"self":[{"href":"https:\/\/www.europesays.com\/pt\/wp-json\/wp\/v2\/posts\/171412","targetHints":{"allow":["GET"]}}],"collection":[{"href":"https:\/\/www.europesays.com\/pt\/wp-json\/wp\/v2\/posts"}],"about":[{"href":"https:\/\/www.europesays.com\/pt\/wp-json\/wp\/v2\/types\/post"}],"author":[{"embeddable":true,"href":"https:\/\/www.europesays.com\/pt\/wp-json\/wp\/v2\/users\/2"}],"replies":[{"embeddable":true,"href":"https:\/\/www.europesays.com\/pt\/wp-json\/wp\/v2\/comments?post=171412"}],"version-history":[{"count":0,"href":"https:\/\/www.europesays.com\/pt\/wp-json\/wp\/v2\/posts\/171412\/revisions"}],"wp:featuredmedia":[{"embeddable":true,"href":"https:\/\/www.europesays.com\/pt\/wp-json\/wp\/v2\/media\/171413"}],"wp:attachment":[{"href":"https:\/\/www.europesays.com\/pt\/wp-json\/wp\/v2\/media?parent=171412"}],"wp:term":[{"taxonomy":"category","embeddable":true,"href":"https:\/\/www.europesays.com\/pt\/wp-json\/wp\/v2\/categories?post=171412"},{"taxonomy":"post_tag","embeddable":true,"href":"https:\/\/www.europesays.com\/pt\/wp-json\/wp\/v2\/tags?post=171412"}],"curies":[{"name":"wp","href":"https:\/\/api.w.org\/{rel}","templated":true}]}}