{"id":171416,"date":"2025-12-01T04:53:08","date_gmt":"2025-12-01T04:53:08","guid":{"rendered":"https:\/\/www.europesays.com\/pt\/171416\/"},"modified":"2025-12-01T04:53:08","modified_gmt":"2025-12-01T04:53:08","slug":"brigitte-bardot-pede-calma-apos-rumores-sobre-saude-30-11-2025-ilustrada","status":"publish","type":"post","link":"https:\/\/www.europesays.com\/pt\/171416\/","title":{"rendered":"Brigitte Bardot pede calma ap\u00f3s rumores sobre sa\u00fade &#8211; 30\/11\/2025 &#8211; Ilustrada"},"content":{"rendered":"<p>A atriz <a href=\"https:\/\/www1.folha.uol.com.br\/folha-topicos\/brigitte-bardot\/\" rel=\"nofollow noopener\" target=\"_blank\">Brigitte Bardot<\/a>, 91, divulgou neste domingo (30) um comunicado, via AFP, para tranquilizar f\u00e3s a respeito de seu estado de sa\u00fade. A estrela do <a href=\"https:\/\/www1.folha.uol.com.br\/folha-topicos\/cinema\/\" rel=\"nofollow noopener\" target=\"_blank\">cinema<\/a> franc\u00eas <a href=\"https:\/\/www1.folha.uol.com.br\/ilustrada\/2025\/11\/brigitte-bardot-e-internada-na-franca-um-mes-depois-de-receber-alta-apos-cirurgia.shtml\" rel=\"nofollow noopener\" target=\"\">foi internada na semana passada<\/a>, um m\u00eas depois de receber alta de uma cirurgia.<\/p>\n<p>&#8220;A senhora Bardot deseja tranquilizar aqueles que est\u00e3o genuinamente preocupados com ela. Ela envia esta mensagem: &#8216;Envio todo o meu amor a voc\u00eas!'&#8221;, informa a nota enviada pela Funda\u00e7\u00e3o Brigitte Bardot. &#8220;Madame Brigitte Bardot lembra a todos que est\u00e1 se recuperando, que gostaria que tivessem a delicadeza de respeitar sua privacidade e pede que todos se acalmem.&#8221;<\/p>\n<p>Brigitte Bardot foi internada novamente na \u00faltima semana de novembro. Segundo imprensa local, a atriz estava h\u00e1 cerca de dez dias no Hospital Saint-Jean, em Toulon, na <a href=\"https:\/\/www1.folha.uol.com.br\/folha-topicos\/franca\/\" rel=\"nofollow noopener\" target=\"_blank\">Fran\u00e7a<\/a>. Em outubro, ela ficou um tempo hospitalizada por causa de uma &#8220;pequena cirurgia&#8221; a que foi submetida. Na \u00e9poca, ela deixou o hospital em 17 de outubro.<\/p>\n<p>C\u00e9lebre por t\u00edtulos como &#8220;E Deus Criou a Mulher&#8221;, de Roger Vadim, e &#8220;O Desprezo&#8221;, de <a href=\"https:\/\/www1.folha.uol.com.br\/ilustrada\/2025\/07\/como-jean-luc-godard-as-vesperas-de-sua-morte-ainda-fazia-cinema-com-as-maos.shtml\" rel=\"nofollow noopener\" target=\"_blank\">Jean-Luc Godard<\/a>, mas afastadas das telonas h\u00e1 50 anos, hoje ela tamb\u00e9m \u00e9 lembrada muito por seu ativismo pelos direitos dos animais.<\/p>\n<p>O comunicado publicado pela AFP n\u00e3o se aprofunda no atual estado de sa\u00fade da artista. Entre cirurgia e interna\u00e7\u00f5es, circularam informa\u00e7\u00f5es de que o estado de sa\u00fade de Bardot era &#8220;preocupante&#8221;, mas a mesma desmentiu os rumores, depois de ter recebido alta.<\/p>\n","protected":false},"excerpt":{"rendered":"A atriz Brigitte Bardot, 91, divulgou neste domingo (30) um comunicado, via AFP, para tranquilizar f\u00e3s a respeito&hellip;\n","protected":false},"author":2,"featured_media":171417,"comment_status":"","ping_status":"","sticky":false,"template":"","format":"standard","meta":{"footnotes":""},"categories":[145],"tags":[207,23212,211,210,470,114,115,236,208,32,33],"class_list":{"0":"post-171416","1":"post","2":"type-post","3":"status-publish","4":"format-standard","5":"has-post-thumbnail","7":"category-celebridades","8":"tag-arte","9":"tag-brigitte-bardot","10":"tag-celebridades","11":"tag-celebrities","12":"tag-cinema","13":"tag-entertainment","14":"tag-entretenimento","15":"tag-folha","16":"tag-franca","17":"tag-portugal","18":"tag-pt"},"share_on_mastodon":{"url":"https:\/\/pubeurope.com\/@pt\/115642525471668022","error":""},"_links":{"self":[{"href":"https:\/\/www.europesays.com\/pt\/wp-json\/wp\/v2\/posts\/171416","targetHints":{"allow":["GET"]}}],"collection":[{"href":"https:\/\/www.europesays.com\/pt\/wp-json\/wp\/v2\/posts"}],"about":[{"href":"https:\/\/www.europesays.com\/pt\/wp-json\/wp\/v2\/types\/post"}],"author":[{"embeddable":true,"href":"https:\/\/www.europesays.com\/pt\/wp-json\/wp\/v2\/users\/2"}],"replies":[{"embeddable":true,"href":"https:\/\/www.europesays.com\/pt\/wp-json\/wp\/v2\/comments?post=171416"}],"version-history":[{"count":0,"href":"https:\/\/www.europesays.com\/pt\/wp-json\/wp\/v2\/posts\/171416\/revisions"}],"wp:featuredmedia":[{"embeddable":true,"href":"https:\/\/www.europesays.com\/pt\/wp-json\/wp\/v2\/media\/171417"}],"wp:attachment":[{"href":"https:\/\/www.europesays.com\/pt\/wp-json\/wp\/v2\/media?parent=171416"}],"wp:term":[{"taxonomy":"category","embeddable":true,"href":"https:\/\/www.europesays.com\/pt\/wp-json\/wp\/v2\/categories?post=171416"},{"taxonomy":"post_tag","embeddable":true,"href":"https:\/\/www.europesays.com\/pt\/wp-json\/wp\/v2\/tags?post=171416"}],"curies":[{"name":"wp","href":"https:\/\/api.w.org\/{rel}","templated":true}]}}