{"id":171420,"date":"2025-12-01T05:04:30","date_gmt":"2025-12-01T05:04:30","guid":{"rendered":"https:\/\/www.europesays.com\/pt\/171420\/"},"modified":"2025-12-01T05:04:30","modified_gmt":"2025-12-01T05:04:30","slug":"fora-das-praias-a-maior-arvore-de-cabo-verde-atrai-cada-vez-mais-turistas","status":"publish","type":"post","link":"https:\/\/www.europesays.com\/pt\/171420\/","title":{"rendered":"Fora das praias, a maior \u00e1rvore de Cabo Verde atrai cada vez mais turistas"},"content":{"rendered":"<p data-remotead-prev-elm=\"true\" data-remotead-elm-id=\"inread\">&#8220;\u00c9 o lugar mais visitado de Santa Catarina&#8221;, diz Adilson Tavares, vereador daquele munic\u00edpio da ilha de Santiago, ao lado de um guia e outros residentes que, apesar de n\u00e3o terem uma contagem, garantem haver um aumento de visitantes nos \u00faltimos anos.<\/p>\n<p>Na nova estrat\u00e9gia do pa\u00eds para diversifica\u00e7\u00e3o do produto tur\u00edstico &#8212; mostrando que Cabo Verde tem mais do que praias &#8212; o gigante poil\u00e3o serve de exemplo do que a natureza tem para mostrar, com hist\u00f3ria \u00e0 mistura.<\/p>\n<p>&#8220;Tem mais de 500 anos, \u00e9 um s\u00edmbolo de resili\u00eancia, de luta, de quem nunca desiste, de quem nunca se verga. Acabamos por nos identificar com esta \u00e1rvore&#8221;, diz o vereador, que desde crian\u00e7a conhece o local.<\/p>\n<p data-remotead-prev-elm=\"true\" data-remotead-elm-id=\"centro1\">\u00c9 uma \u00e1rvore capaz de reunir uma pequena multid\u00e3o debaixo da copa, que se ergue a cerca de 30 metros de altura.<\/p>\n<p>Como num filme, o tronco \u00e9 gigante e o tempo moldou a base com dobras retorcidas, como se fossem barbatanas, t\u00e3o altas que permitem a qualquer pessoa esconder-se entre elas, como exemplifica Ednei Moreira, guia tur\u00edstico.<\/p>\n<p>&#8220;A cada \u00e9poca os turistas crescem&#8221; e s\u00e3o mais alem\u00e3es e franceses, refere, pouco antes da chegada de mais um grupo de dezenas de visitantes estrangeiros, que por ali fica durante largos minutos.<\/p>\n<p data-remotead-prev-elm=\"true\" data-remotead-elm-id=\"centro2\">Este \u00e9 um dos locais fotografados e filmados com frequ\u00eancia para as redes sociais e outras publica\u00e7\u00f5es na Internet pelos visitantes da ilha de Santiago, como ponto de paragem de caminhadas cujo percurso passa pelo munic\u00edpio de Santa Catarina.<\/p>\n<p>Este \u00e9 tamb\u00e9m o lar de v\u00e1rias aves, como a gar\u00e7a-vermelha, pombas, entre outras que se avistam no topo, aponta Ednei aos visitantes &#8212; houve anos em que se pensou que a \u00e1rvore tinha secado, mas as folhas voltam sempre a rebentar.<\/p>\n<p>&#8220;\u00c9 um milagre da natureza, uma coisa maravilhosa, verde e grande num pa\u00eds pequeno, \u00e9 um bom s\u00edmbolo&#8221;, diz Klaus Zimmermann, visitante austr\u00edaco, adeptos do &#8220;turismo rural, mais calmo&#8221; do que nas praias.<\/p>\n<p data-remotead-prev-elm=\"true\" data-remotead-elm-id=\"centro3\">Noutro grupo de turistas da Est\u00f3nia, Maris Laja conta como est\u00e1 contente pelos dias que est\u00e1 a passar na ilha de Santiago, &#8220;por causa das pessoas, da natureza e da hist\u00f3ria. Tem sido uma \u00f3tima semana aqui em Cabo Verde&#8221;.<\/p>\n<p>A \u00e1rvore centen\u00e1ria beneficia agora de um parque, fruto da requalifica\u00e7\u00e3o em redor, com escadaria, caminhos, zona de lazer e esplanada para acolher grupos de turistas que antes n\u00e3o tinham grandes comodidades no local.<\/p>\n<p>Mas o acesso ainda \u00e9 dif\u00edcil, por caminhos muitos estreitos, esburacados ou em terra batida, arriscados para ve\u00edculos ligeiros e sem marca\u00e7\u00e3o &#8212; \u00e9 preciso ir fazendo perguntas ou seguir dicas publicadas na Internet.<\/p>\n<p data-remotead-prev-elm=\"true\" data-remotead-elm-id=\"centro4\">A popula\u00e7\u00e3o de Boa Entrada j\u00e1 h\u00e1 muito que pede outras condi\u00e7\u00f5es.<\/p>\n<p>Ivandro Tavares, residente e gerente a esplanada junto \u00e0 \u00e1rvore, tem v\u00e1rias queixas: &#8220;a estrada est\u00e1 em p\u00e9ssimo estado, falta ilumina\u00e7\u00e3o e manuten\u00e7\u00e3o. \u00c9 preciso aproveitar melhor aquilo que temos&#8221;.<\/p>\n<p>O vereador reconhece que a estrada \u00e9 &#8220;o calcanhar de Aquiles&#8221; num lugar &#8220;com tanta aflu\u00eancia de turistas&#8221;, mas promete que as obras vistas nalguns tro\u00e7os do caminho v\u00e3o ajudar a resolver o problema.<\/p>\n<p data-remotead-prev-elm=\"true\" data-remotead-elm-id=\"centro5\">O vale vigiado pelo grande poil\u00e3o \u00e9 um dos raros locais sempre verdejantes no arquip\u00e9lago \u00e1rido, gra\u00e7as a uma nascente viva durante todo o ano, impulsionando a agricultura local e que abastece o resto da ilha.<\/p>\n<p>O turismo vai crescendo &#8212; devido \u00e0 abertura de novas rotas a\u00e9reas europeias de baixo custo &#8212; e todos esperam que, com a ajuda do centen\u00e1rio poil\u00e3o, mais visitantes possam impulsionar o desenvolvimento local.<\/p>\n<p>Mas ainda h\u00e1 um caminho a fazer.<\/p>\n<p data-remotead-prev-elm=\"true\" data-remotead-elm-id=\"centro6\">Uma an\u00e1lise divulgada pelo Fundo Monet\u00e1rio Internacional (FMI), em fevereiro, concluiu que s\u00f3 as ilhas do Sal e Boa Vista, que concentram as cadeias hoteleiras internacionais com a oferta de sol e praia, j\u00e1 conseguiram superar o fluxo tur\u00edstico de 2019.<\/p>\n<p>As restantes continuam abaixo dos n\u00fameros de visitantes registados antes de a pandemia de covid-19 irromper, apesar de o arquip\u00e9lago bater recordes de h\u00f3spedes, ano ap\u00f3s ano (1,2 milh\u00f5es de h\u00f3spedes em 2024).<\/p>\n<p>Diversos estudos defendem uma aposta em segmentos de maior valor acrescentado, como o turismo de natureza e caminhadas, nichos de mercado em redor das quais as autoridades t\u00eam promovido estudos e debate, na esperan\u00e7a de atrair investimentos.<\/p>\n","protected":false},"excerpt":{"rendered":"&#8220;\u00c9 o lugar mais visitado de Santa Catarina&#8221;, diz Adilson Tavares, vereador daquele munic\u00edpio da ilha de Santiago,&hellip;\n","protected":false},"author":2,"featured_media":171421,"comment_status":"","ping_status":"","sticky":false,"template":"","format":"standard","meta":{"footnotes":""},"categories":[50],"tags":[27,28,2714,15,16,14,25,26,21,22,62,12,13,19,20,23,24,17,18,1456,29,30,31,63,64,65],"class_list":{"0":"post-171420","1":"post","2":"type-post","3":"status-publish","4":"format-standard","5":"has-post-thumbnail","7":"category-mundo","8":"tag-breaking-news","9":"tag-breakingnews","10":"tag-cabo-verde","11":"tag-featured-news","12":"tag-featurednews","13":"tag-headlines","14":"tag-latest-news","15":"tag-latestnews","16":"tag-main-news","17":"tag-mainnews","18":"tag-mundo","19":"tag-news","20":"tag-noticias","21":"tag-noticias-principais","22":"tag-noticiasprincipais","23":"tag-principais-noticias","24":"tag-principaisnoticias","25":"tag-top-stories","26":"tag-topstories","27":"tag-turismo","28":"tag-ultimas","29":"tag-ultimas-noticias","30":"tag-ultimasnoticias","31":"tag-world","32":"tag-world-news","33":"tag-worldnews"},"share_on_mastodon":{"url":"https:\/\/pubeurope.com\/@pt\/115642568753775740","error":""},"_links":{"self":[{"href":"https:\/\/www.europesays.com\/pt\/wp-json\/wp\/v2\/posts\/171420","targetHints":{"allow":["GET"]}}],"collection":[{"href":"https:\/\/www.europesays.com\/pt\/wp-json\/wp\/v2\/posts"}],"about":[{"href":"https:\/\/www.europesays.com\/pt\/wp-json\/wp\/v2\/types\/post"}],"author":[{"embeddable":true,"href":"https:\/\/www.europesays.com\/pt\/wp-json\/wp\/v2\/users\/2"}],"replies":[{"embeddable":true,"href":"https:\/\/www.europesays.com\/pt\/wp-json\/wp\/v2\/comments?post=171420"}],"version-history":[{"count":0,"href":"https:\/\/www.europesays.com\/pt\/wp-json\/wp\/v2\/posts\/171420\/revisions"}],"wp:featuredmedia":[{"embeddable":true,"href":"https:\/\/www.europesays.com\/pt\/wp-json\/wp\/v2\/media\/171421"}],"wp:attachment":[{"href":"https:\/\/www.europesays.com\/pt\/wp-json\/wp\/v2\/media?parent=171420"}],"wp:term":[{"taxonomy":"category","embeddable":true,"href":"https:\/\/www.europesays.com\/pt\/wp-json\/wp\/v2\/categories?post=171420"},{"taxonomy":"post_tag","embeddable":true,"href":"https:\/\/www.europesays.com\/pt\/wp-json\/wp\/v2\/tags?post=171420"}],"curies":[{"name":"wp","href":"https:\/\/api.w.org\/{rel}","templated":true}]}}