{"id":171428,"date":"2025-12-01T05:16:13","date_gmt":"2025-12-01T05:16:13","guid":{"rendered":"https:\/\/www.europesays.com\/pt\/171428\/"},"modified":"2025-12-01T05:16:13","modified_gmt":"2025-12-01T05:16:13","slug":"whatsapp-deixa-de-funcionar-em-12-modelos-de-celulares-em-dezembro-veja-quais","status":"publish","type":"post","link":"https:\/\/www.europesays.com\/pt\/171428\/","title":{"rendered":"WhatsApp deixa de funcionar em 12 modelos de celulares em dezembro; veja quais"},"content":{"rendered":"<p>            <img decoding=\"async\" src=\"https:\/\/www.europesays.com\/pt\/wp-content\/uploads\/2025\/12\/whatsapp_deixa_de_atualizar_em_12_modelos_de_celular-38216923.jpg\" alt=\"A medida \u00e9 feita para que novas atualiza\u00e7\u00f5es do WhatsApp sejam executadas de forma mais \u00e1gil e moderna (Foto: Reprodu\u00e7\u00e3o\/Pexels)\" loading=\"lazy\"\/><\/p>\n<p>              Foto: Reprodu\u00e7\u00e3o\/Pexels<br \/>\n              A medida \u00e9 feita para que novas atualiza\u00e7\u00f5es do WhatsApp sejam executadas de forma mais \u00e1gil e moderna            <\/p>\n<p class=\"texto\">Por medida adotada periodicamente pela Meta, o WhatsApp deixar\u00e1 de funcionar em 12 modelos de celulares at\u00e9 o fim deste ano.<\/p>\n<p class=\"texto\">A partir de dezembro, dispositivos com sistema de atualiza\u00e7\u00e3o ou software mais antigos n\u00e3o acompanhar\u00e3o as novidades e fun\u00e7\u00f5es do aplicativo de mensagens instant\u00e2neas.<\/p>\n<p class=\"texto\">Isso acontece porque alguns modelos <strong>n\u00e3o conseguem suportar as mudan\u00e7as e corre\u00e7\u00f5es de seguran\u00e7a<\/strong>. A escolha dos dispositivos \u00e9 feita a partir de uma an\u00e1lise para identificar os mais antigos e que t\u00eam menos usu\u00e1rios para que seja feita a sua moderniza\u00e7\u00e3o.<\/p>\n<p class=\"texto\">A sele\u00e7\u00e3o dos dispositivos \u00e9 feita com frequ\u00eancia para que o aplicativo continue desempenhando suas funcionalidades de maneira \u00e1gil e atualizada.<\/p>\n<p class=\"texto\">Atualmente, o WhatsApp funciona em celulares com sistema Android 5.0 ou superior e em iPhones a partir do iOS 15.1. Confira quais modelos deixar\u00e3o de funcionar a partir de dezembro:<\/p>\n<ul>&#13;<\/p>\n<li><strong>Apple<\/strong>: iPhone 5, iPhone 5c, iPhone 5s, iPhone 6, iPhone 6 Plus;<\/li>\n<p>&#13;<\/p>\n<li><strong>Samsung<\/strong>: Galaxy J2;<\/li>\n<p>&#13;<\/p>\n<li><strong>LG<\/strong>: LG V10, LG G3;<\/li>\n<p>&#13;<\/p>\n<li><strong>Motorola<\/strong>: Moto G;<\/li>\n<p>&#13;<\/p>\n<li><strong>HTC<\/strong>: One M8;<\/li>\n<p>&#13;<\/p>\n<li><strong>Sony<\/strong>: Xperia Z3, Xperia Z2.<\/li>\n<p>&#13;\n<\/ul>\n<p>Entenda os efeitos da falta de atualiza\u00e7\u00e3o do WhatsApp no dispositivo<\/p>\n<p class=\"texto\">Com a busca por moderniza\u00e7\u00e3o do aparelho, outros sofrem efeitos por n\u00e3o se encaixarem nos requisitos de atualiza\u00e7\u00e3o pela quantidade de pessoas que os utilizam ou pelo seu software. Entre eles, est\u00e3o:<\/p>\n<ul>&#13;<\/p>\n<li><strong>Queda de desempenho<\/strong>: o celular fica mais lento, apresenta falhas de execu\u00e7\u00e3o e desligamentos inesperados, por exemplo;<\/li>\n<p>&#13;<\/p>\n<li><strong>Perda de seguran\u00e7a<\/strong>: os dados do usu\u00e1rio t\u00eam mais riscos de serem expostos pela falta de prote\u00e7\u00e3o;<\/li>\n<p>&#13;<\/p>\n<li><strong>Risco de ataque cibern\u00e9tico<\/strong>: v\u00edrus e malwares podem entrar de maneira mais r\u00e1pida pelo aumento da vulnerabilidade do dispositivo.<\/li>\n<p>&#13;\n<\/ul>\n<p>&#13;<br \/>\n\tSobre o assunto &#13;<br \/>\n\t&#13;<br \/>\n\t&#13;<\/p>\n<p>WhatsApp: saiba o que fazer se seu celular estiver na lista<\/p>\n<p class=\"texto\">Com a falta de atualiza\u00e7\u00e3o, muitos usu\u00e1rios ser\u00e3o prejudicados. Por isso, o ideal \u00e9 <strong>adquirir um modelo de celular mais recente o quanto antes<\/strong> para que possam ter acesso \u00e0s novas vers\u00f5es do WhatsApp.<\/p>\n<p class=\"texto\">No caso de n\u00e3o ser poss\u00edvel de ser feita uma troca, <strong>as vers\u00f5es para desktop ou navegador estar\u00e3o dispon\u00edveis para uso<\/strong>. Mesmo sem as vantagens do aplicativo, \u00e9 uma alternativa para que suas conversas ainda possam ser acessadas.<\/p>\n<p class=\"texto\">Antes disso, o aplicativo notifica seu usu\u00e1rio para que atualize o seu celular, evitando que fique incomunic\u00e1vel. Ao receber o alerta, poder\u00e1 ser conferido se o seu dispositivo \u00e9 antigo para uma atualiza\u00e7\u00e3o.<\/p>\n<p class=\"texto\">Na se\u00e7\u00e3o \u201cSobre o dispositivo\u201d, no Android, ou \u201cInforma\u00e7\u00f5es\u201d, no iPhone, estar\u00e1 disponibilizada a vers\u00e3o do celular. Assim, uma prepara\u00e7\u00e3o ou preven\u00e7\u00e3o para evitar problemas ser\u00e1 poss\u00edvel.<\/p>\n","protected":false},"excerpt":{"rendered":"Foto: Reprodu\u00e7\u00e3o\/Pexels A medida \u00e9 feita para que novas atualiza\u00e7\u00f5es do WhatsApp sejam executadas de forma mais \u00e1gil&hellip;\n","protected":false},"author":2,"featured_media":171429,"comment_status":"","ping_status":"","sticky":false,"template":"","format":"standard","meta":{"footnotes":""},"categories":[84],"tags":[109,107,108,115,511,510,508,512,509,32,33,105,103,104,106,110],"class_list":{"0":"post-171428","1":"post","2":"type-post","3":"status-publish","4":"format-standard","5":"has-post-thumbnail","7":"category-ciencia-e-tecnologia","8":"tag-ciencia","9":"tag-ciencia-e-tecnologia","10":"tag-cienciaetecnologia","11":"tag-entretenimento","12":"tag-esporte-ceara","13":"tag-esporte-fortaleza","14":"tag-jornal-o-povo","15":"tag-loterias","16":"tag-noticia-de-politica","17":"tag-portugal","18":"tag-pt","19":"tag-science","20":"tag-science-and-technology","21":"tag-scienceandtechnology","22":"tag-technology","23":"tag-tecnologia"},"share_on_mastodon":{"url":"https:\/\/pubeurope.com\/@pt\/115642616104092702","error":""},"_links":{"self":[{"href":"https:\/\/www.europesays.com\/pt\/wp-json\/wp\/v2\/posts\/171428","targetHints":{"allow":["GET"]}}],"collection":[{"href":"https:\/\/www.europesays.com\/pt\/wp-json\/wp\/v2\/posts"}],"about":[{"href":"https:\/\/www.europesays.com\/pt\/wp-json\/wp\/v2\/types\/post"}],"author":[{"embeddable":true,"href":"https:\/\/www.europesays.com\/pt\/wp-json\/wp\/v2\/users\/2"}],"replies":[{"embeddable":true,"href":"https:\/\/www.europesays.com\/pt\/wp-json\/wp\/v2\/comments?post=171428"}],"version-history":[{"count":0,"href":"https:\/\/www.europesays.com\/pt\/wp-json\/wp\/v2\/posts\/171428\/revisions"}],"wp:featuredmedia":[{"embeddable":true,"href":"https:\/\/www.europesays.com\/pt\/wp-json\/wp\/v2\/media\/171429"}],"wp:attachment":[{"href":"https:\/\/www.europesays.com\/pt\/wp-json\/wp\/v2\/media?parent=171428"}],"wp:term":[{"taxonomy":"category","embeddable":true,"href":"https:\/\/www.europesays.com\/pt\/wp-json\/wp\/v2\/categories?post=171428"},{"taxonomy":"post_tag","embeddable":true,"href":"https:\/\/www.europesays.com\/pt\/wp-json\/wp\/v2\/tags?post=171428"}],"curies":[{"name":"wp","href":"https:\/\/api.w.org\/{rel}","templated":true}]}}