{"id":171430,"date":"2025-12-01T05:18:20","date_gmt":"2025-12-01T05:18:20","guid":{"rendered":"https:\/\/www.europesays.com\/pt\/171430\/"},"modified":"2025-12-01T05:18:20","modified_gmt":"2025-12-01T05:18:20","slug":"manifestacao-pelo-povo-palestianiano-termina-em-lisboa-com-grandola-vila-morena","status":"publish","type":"post","link":"https:\/\/www.europesays.com\/pt\/171430\/","title":{"rendered":"Manifesta\u00e7\u00e3o pelo povo palestianiano termina em Lisboa com &#8220;Gr\u00e2ndola, Vila Morena&#8221;"},"content":{"rendered":"<p>&#13;<br \/>\nDurante hora e meia, milhares de manifestantes percorreram as ruas entre os Restauradores e a Pra\u00e7a do Duque da Terceira, no Cais do Sodr\u00e9.&#13;\n<\/p>\n<p>&#13;<br \/>\nA m\u00fasica e as palavras de ordem estiveram presentes ao longo de todo o percurso, efusivamente registado por turistas que foram sendo surpreendidos pelo colorido da manifesta\u00e7\u00e3o.&#13;\n<\/p>\n<p>&#13;<br \/>\nNo Cais do Sodr\u00e9, junto a um palanque da central sindical CGTP, os manifestantes cobriram parte do ch\u00e3o com bandeiras, uma delas gigante, da Palestina, e ouviram as palavras de algumas das organiza\u00e7\u00f5es que promoveram esta a\u00e7\u00e3o de solidariedade. &#13;\n<\/p>\n<p>&#13;<br \/>\nIsabel Camarinha, do Conselho Portugu\u00eas para a Paz e Coopera\u00e7\u00e3o, sublinhou a forte participa\u00e7\u00e3o na manifesta\u00e7\u00e3o, tanto em Lisboa como no Porto, demonstrando que &#8220;os portugueses est\u00e3o com a Palestina&#8221;.&#13;\n<\/p>\n<p>&#13;<br \/>\n&#8220;Israel persiste na continua\u00e7\u00e3o da sua a\u00e7\u00e3o criminosa&#8221;, disse, referindo que desde o in\u00edcio do cessar-fogo Israel violou o acordo mais de 500 vezes, al\u00e9m de &#8220;impedir a entrada de ajuda humanit\u00e1ria&#8221;. &#13;<\/p>\n","protected":false},"excerpt":{"rendered":"&#13; Durante hora e meia, milhares de manifestantes percorreram as ruas entre os Restauradores e a Pra\u00e7a do&hellip;\n","protected":false},"author":2,"featured_media":151896,"comment_status":"","ping_status":"","sticky":false,"template":"","format":"standard","meta":{"footnotes":""},"categories":[50],"tags":[27,28,35920,15,16,14,25,26,21,22,35919,62,12,13,19,20,10702,23,24,17,18,29,30,31,63,64,65],"class_list":{"0":"post-171430","1":"post","2":"type-post","3":"status-publish","4":"format-standard","5":"has-post-thumbnail","7":"category-mundo","8":"tag-breaking-news","9":"tag-breakingnews","10":"tag-cais","11":"tag-featured-news","12":"tag-featurednews","13":"tag-headlines","14":"tag-latest-news","15":"tag-latestnews","16":"tag-main-news","17":"tag-mainnews","18":"tag-morena","19":"tag-mundo","20":"tag-news","21":"tag-noticias","22":"tag-noticias-principais","23":"tag-noticiasprincipais","24":"tag-praca","25":"tag-principais-noticias","26":"tag-principaisnoticias","27":"tag-top-stories","28":"tag-topstories","29":"tag-ultimas","30":"tag-ultimas-noticias","31":"tag-ultimasnoticias","32":"tag-world","33":"tag-world-news","34":"tag-worldnews"},"share_on_mastodon":{"url":"https:\/\/pubeurope.com\/@pt\/115642623798558915","error":""},"_links":{"self":[{"href":"https:\/\/www.europesays.com\/pt\/wp-json\/wp\/v2\/posts\/171430","targetHints":{"allow":["GET"]}}],"collection":[{"href":"https:\/\/www.europesays.com\/pt\/wp-json\/wp\/v2\/posts"}],"about":[{"href":"https:\/\/www.europesays.com\/pt\/wp-json\/wp\/v2\/types\/post"}],"author":[{"embeddable":true,"href":"https:\/\/www.europesays.com\/pt\/wp-json\/wp\/v2\/users\/2"}],"replies":[{"embeddable":true,"href":"https:\/\/www.europesays.com\/pt\/wp-json\/wp\/v2\/comments?post=171430"}],"version-history":[{"count":0,"href":"https:\/\/www.europesays.com\/pt\/wp-json\/wp\/v2\/posts\/171430\/revisions"}],"wp:featuredmedia":[{"embeddable":true,"href":"https:\/\/www.europesays.com\/pt\/wp-json\/wp\/v2\/media\/151896"}],"wp:attachment":[{"href":"https:\/\/www.europesays.com\/pt\/wp-json\/wp\/v2\/media?parent=171430"}],"wp:term":[{"taxonomy":"category","embeddable":true,"href":"https:\/\/www.europesays.com\/pt\/wp-json\/wp\/v2\/categories?post=171430"},{"taxonomy":"post_tag","embeddable":true,"href":"https:\/\/www.europesays.com\/pt\/wp-json\/wp\/v2\/tags?post=171430"}],"curies":[{"name":"wp","href":"https:\/\/api.w.org\/{rel}","templated":true}]}}