{"id":171442,"date":"2025-12-01T05:42:40","date_gmt":"2025-12-01T05:42:40","guid":{"rendered":"https:\/\/www.europesays.com\/pt\/171442\/"},"modified":"2025-12-01T05:42:40","modified_gmt":"2025-12-01T05:42:40","slug":"como-preparar-o-corpo-para-o-ritmo-do-fim-de-ano","status":"publish","type":"post","link":"https:\/\/www.europesays.com\/pt\/171442\/","title":{"rendered":"como preparar o corpo para o ritmo do fim de ano"},"content":{"rendered":"\n<p>\u00c0 medida que o ver\u00e3o e o fim do ano se aproximam, o calend\u00e1rio social se intensifica e a agenda come\u00e7a a reunir almo\u00e7os, confraterniza\u00e7\u00f5es e celebra\u00e7\u00f5es. Nesse per\u00edodo, \u00e9 comum abandonar pr\u00e1ticas saud\u00e1veis enquanto a alimenta\u00e7\u00e3o fica mais cal\u00f3rica, e o descanso, menos estruturado. Esse conjunto de fatores, por sua vez, cria um ambiente prop\u00edcio para ganho de peso e queda do desempenho f\u00edsico.<\/p>\n<p>Por isso, segundo Bianca D\u2019Elia, coordenadora t\u00e9cnica da Selfit Academias, se preparar \u2014 com treinos regulares e uma rotina ativa \u2014 pode fazer toda a diferen\u00e7a na balan\u00e7a e na disposi\u00e7\u00e3o para 2026.<\/p>\n<p> <strong>Fim de ano favorece oscila\u00e7\u00f5es no peso e no bem-estar corporal<\/strong> <\/p>\n<p>Mudan\u00e7as de rotina, aumento das confraterniza\u00e7\u00f5es e maior exposi\u00e7\u00e3o a pratos cal\u00f3ricos e bebidas costumam criar um ambiente prop\u00edcio para oscila\u00e7\u00f5es no peso durante o per\u00edodo festivo. Nessas semanas, \u00e9 comum reduzir o volume de treinos, relaxar a disciplina alimentar e alterar hor\u00e1rios de sono, fatores que juntos impactam diretamente o metabolismo, a composi\u00e7\u00e3o corporal e a disposi\u00e7\u00e3o f\u00edsica.<\/p>\n<p>Por outro lado, recorrer a estrat\u00e9gias preventivas \u2014 como continuar treinando, manter algum ritmo de movimento e adotar escolhas alimentares mais equilibradas sempre que poss\u00edvel \u2014 ajuda a minimizar os efeitos t\u00edpicos desse per\u00edodo e contribui para atravessar as festas com mais conforto e estabilidade.<\/p>\n<p>  <img decoding=\"async\" alt=\"mulher andando de bicicleta ao ar livre\" class=\"wp-image-267800\" height=\"683\" loading=\"lazy\" src=\"https:\/\/www.europesays.com\/pt\/wp-content\/uploads\/2025\/12\/mulherandandodebicicleta-1024x683.jpg\" width=\"1024\"\/>Combinar exerc\u00edcios aer\u00f3bicos ao treino de muscula\u00e7\u00e3o ajuda a manter o controle do peso (Imagem: muse studio | Shutterstock) Momento ideal para consolidar resultados <\/p>\n<p>Para a coordenadora t\u00e9cnica da Selfit Academias, nesse cen\u00e1rio, surge uma oportunidade: usar as semanas que antecedem as festas e o ver\u00e3o como uma janela de refor\u00e7o no condicionamento f\u00edsico. \u201c\u00c9 o momento ideal para consolidar resultados, elevar o gasto energ\u00e9tico e preparar o corpo para lidar melhor com os excessos t\u00edpicos de fim de ano. O foco, portanto, est\u00e1 em prevenir e equilibrar, e n\u00e3o em compensar depois\u201d, ressalta Bianca D\u2019Elia.<\/p>\n<p>Entre as estrat\u00e9gias mais eficazes apontadas pela especialista, est\u00e1 a combina\u00e7\u00e3o de <strong><a href=\"https:\/\/portaledicase.com\/descubra-como-a-musculacao-favorece-a-saude-masculina\/\" rel=\"noopener noreferrer nofollow\" target=\"_blank\">muscula\u00e7\u00e3o<\/a><\/strong> com exerc\u00edcios aer\u00f3bicos, o chamado treino concorrente. Esse modelo pode gerar melhorias na capacidade cardiorrespirat\u00f3ria (VO\u2082 m\u00e1x) e ganhos relevantes de for\u00e7a. Al\u00e9m disso, manter a frequ\u00eancia, ainda que com treinos mais curtos, \u00e9 essencial.<\/p>\n<p> Movimento cont\u00ednuo e autocuidado como pilares da temporada <\/p>\n<p>O segredo, explica Bianca D\u2019Elia, est\u00e1 em manter o corpo em movimento e adotar uma vis\u00e3o preventiva. \u201cPreparar o corpo antes das festas faz com que voc\u00ea entre na temporada com mais controle e menos necessidade de compensar depois. O treino n\u00e3o vira passivo de culpa, vira ativo de prazer. N\u00e3o espere para come\u00e7ar no dia 1\u00ba de janeiro. Quanto mais cedo voc\u00ea se matricular \u2014 mental e fisicamente \u2014, melhor ser\u00e1 sua performance nas festas e no ver\u00e3o, e menor ser\u00e1 o peso psicol\u00f3gico de \u2018recome\u00e7ar&#8217;\u201d, explica.<\/p>\n<p>O fim de ano e o ver\u00e3o representam per\u00edodos desafiadores para o equil\u00edbrio corporal, mas tamb\u00e9m uma \u00f3tima oportunidade de investir no <strong><a href=\"https:\/\/portaledicase.com\/dicas-para-praticar-o-autocuidado-diariamente\/\" rel=\"noopener noreferrer nofollow\" target=\"_blank\">autocuidado<\/a><\/strong>. Preparar-se, manter os treinos e adotar estrat\u00e9gias conscientes permitem aproveitar as celebra\u00e7\u00f5es com mais energia e menos culpa. Afinal, o melhor presente que se pode dar ao corpo \u00e9 mant\u00ea-lo em movimento \u2014 mesmo entre uma ta\u00e7a de espumante e outra.<\/p>\n<p>Por Nelson Rocha<\/p>\n","protected":false},"excerpt":{"rendered":"\u00c0 medida que o ver\u00e3o e o fim do ano se aproximam, o calend\u00e1rio social se intensifica e&hellip;\n","protected":false},"author":2,"featured_media":171443,"comment_status":"","ping_status":"","sticky":false,"template":"","format":"standard","meta":{"footnotes":""},"categories":[86],"tags":[1024,538,4913,116,32,33,117,10991],"class_list":{"0":"post-171442","1":"post","2":"type-post","3":"status-publish","4":"format-standard","5":"has-post-thumbnail","7":"category-saude","8":"tag-atividade-fisica","9":"tag-bem-estar","10":"tag-edicase","11":"tag-health","12":"tag-portugal","13":"tag-pt","14":"tag-saude","15":"tag-saude-bem-estar"},"share_on_mastodon":{"url":"https:\/\/pubeurope.com\/@pt\/115642718494054579","error":""},"_links":{"self":[{"href":"https:\/\/www.europesays.com\/pt\/wp-json\/wp\/v2\/posts\/171442","targetHints":{"allow":["GET"]}}],"collection":[{"href":"https:\/\/www.europesays.com\/pt\/wp-json\/wp\/v2\/posts"}],"about":[{"href":"https:\/\/www.europesays.com\/pt\/wp-json\/wp\/v2\/types\/post"}],"author":[{"embeddable":true,"href":"https:\/\/www.europesays.com\/pt\/wp-json\/wp\/v2\/users\/2"}],"replies":[{"embeddable":true,"href":"https:\/\/www.europesays.com\/pt\/wp-json\/wp\/v2\/comments?post=171442"}],"version-history":[{"count":0,"href":"https:\/\/www.europesays.com\/pt\/wp-json\/wp\/v2\/posts\/171442\/revisions"}],"wp:featuredmedia":[{"embeddable":true,"href":"https:\/\/www.europesays.com\/pt\/wp-json\/wp\/v2\/media\/171443"}],"wp:attachment":[{"href":"https:\/\/www.europesays.com\/pt\/wp-json\/wp\/v2\/media?parent=171442"}],"wp:term":[{"taxonomy":"category","embeddable":true,"href":"https:\/\/www.europesays.com\/pt\/wp-json\/wp\/v2\/categories?post=171442"},{"taxonomy":"post_tag","embeddable":true,"href":"https:\/\/www.europesays.com\/pt\/wp-json\/wp\/v2\/tags?post=171442"}],"curies":[{"name":"wp","href":"https:\/\/api.w.org\/{rel}","templated":true}]}}