{"id":171444,"date":"2025-12-01T05:44:12","date_gmt":"2025-12-01T05:44:12","guid":{"rendered":"https:\/\/www.europesays.com\/pt\/171444\/"},"modified":"2025-12-01T05:44:12","modified_gmt":"2025-12-01T05:44:12","slug":"james-webb-desvenda-erupcoes-do-buraco-negro-central-da-nossa-galaxia-noticias-r7","status":"publish","type":"post","link":"https:\/\/www.europesays.com\/pt\/171444\/","title":{"rendered":"James Webb desvenda erup\u00e7\u00f5es do buraco negro central da nossa gal\u00e1xia \u2013 Noticias R7"},"content":{"rendered":"<p><img decoding=\"async\" data-chromatic=\"ignore\" alt=\"\" class=\"c-image\" loading=\"lazy\" src=\"https:\/\/www.europesays.com\/pt\/wp-content\/uploads\/2025\/12\/ZREJWWJCLZHN3ENEHNKEQTAJAA.jpeg\"  width=\"2048\" height=\"1152\"\/>Explos\u00f5es de Sgr A revelam novos segredos no infravermelho m\u00e9dio (Imagem: NASA CCO Images via Canva) Fala Ci\u00eancia <\/p>\n<p class=\"jarvics:base-text-neutral-high-400 base-text-[calc(theme(fontSize.xs)_*_var(--font-size,_1))] base-font-normal base-font-primary base-text-neutral-low-500 base-text-left\">\n<p>O <strong>Telesc\u00f3pio Espacial James Webb (JWST)<\/strong> capturou <strong>explos\u00f5es in\u00e9ditas de Sgr A<\/strong>*, o buraco negro supermassivo no centro da <strong>Via L\u00e1ctea<\/strong>, utilizando pela primeira vez o <strong>infravermelho m\u00e9dio<\/strong>. Esse avan\u00e7o abre uma nova janela para entender os <strong>processos f\u00edsicos<\/strong> que ocorrem em torno desses gigantes c\u00f3smicos e a influ\u00eancia dos <strong>campos magn\u00e9ticos<\/strong> na mat\u00e9ria circundante.<\/p>\n<\/p>\n<p class=\"jarvics:base-text-neutral-high-400 base-text-[calc(theme(fontSize.xs)_*_var(--font-size,_1))] base-font-normal base-font-primary base-text-neutral-low-500 base-text-left\">\n<p>As observa\u00e7\u00f5es detalhadas permitem conectar medi\u00e7\u00f5es previamente realizadas no <strong>infravermelho pr\u00f3ximo<\/strong> e no <strong>r\u00e1dio<\/strong>, oferecendo uma compreens\u00e3o mais ampla da din\u00e2mica estelar. Entre os pontos-chave dessa pesquisa destacam-se:<\/p>\n<\/p>\n<p class=\"jarvics:base-text-neutral-high-400 base-text-[calc(theme(fontSize.xs)_*_var(--font-size,_1))] base-font-normal base-font-primary base-text-neutral-low-500 base-text-left\">\n<ul class=\"wp-block-list\">\n<li>\n<strong>Captura de erup\u00e7\u00f5es no infravermelho m\u00e9dio<\/strong>, preenchendo lacuna no espectro de observa\u00e7\u00e3o;<\/li>\n<li>\n<strong>Identifica\u00e7\u00e3o de radia\u00e7\u00e3o s\u00edncrotron<\/strong>, gerada pela intera\u00e7\u00e3o de el\u00e9trons com campos magn\u00e9ticos;<\/li>\n<li>\n<strong>Detec\u00e7\u00e3o de resfriamento s\u00edncrotron<\/strong>, processo que revela perda de energia dos el\u00e9trons;<\/li>\n<li>\n<strong>Medi\u00e7\u00e3o independente da intensidade do campo magn\u00e9tico<\/strong>, com maior precis\u00e3o;<\/li>\n<li>\n<strong>Cobertura espectral ampla pelo MIRI\/MRS<\/strong>, essencial para an\u00e1lise do \u00edndice espectral.<\/li>\n<\/ul>\n<p class=\"jarvics:base-text-neutral-high-400 base-text-[calc(theme(fontSize.xs)_*_var(--font-size,_1))] base-font-normal base-font-primary base-text-neutral-low-500 base-text-left\"><strong>Desvendando os mist\u00e9rios das chamas de Sgr A*<\/strong><\/p>\n<p><img decoding=\"async\" data-chromatic=\"ignore\" alt=\"\" class=\"c-image\" loading=\"lazy\" src=\"https:\/\/www.europesays.com\/pt\/wp-content\/uploads\/2025\/12\/BZXYWDA4LFG6XI3MDMYP7EWIKI.jpeg\"  width=\"1024\" height=\"576\"\/>James Webb registra chamas in\u00e9ditas do buraco negro da Via L\u00e1ctea (Imagem: NunDigital via Canva)<br \/>\n Fala Ci\u00eancia <\/p>\n<p class=\"jarvics:base-text-neutral-high-400 base-text-[calc(theme(fontSize.xs)_*_var(--font-size,_1))] base-font-normal base-font-primary base-text-neutral-low-500 base-text-left\">\n<p>Embora os <strong>buracos negros<\/strong> n\u00e3o emitam luz diretamente, a mat\u00e9ria que os circunda gera emiss\u00f5es eletromagn\u00e9ticas poderosas. No caso de Sgr A*, as <strong>erup\u00e7\u00f5es<\/strong> s\u00e3o impulsionadas por <strong>linhas de campo magn\u00e9tico<\/strong> que se reconectam, liberando imensa energia. Essa energia se manifesta como <strong>radia\u00e7\u00e3o s\u00edncrotron<\/strong>, que os instrumentos do JWST agora conseguem rastrear em detalhes in\u00e9ditos.<\/p>\n<\/p>\n<p class=\"jarvics:base-text-neutral-high-400 base-text-[calc(theme(fontSize.xs)_*_var(--font-size,_1))] base-font-normal base-font-primary base-text-neutral-low-500 base-text-left\">\n<p>O estudo do <strong>resfriamento s\u00edncrotron<\/strong> revela como os <strong>el\u00e9trons de alta velocidade<\/strong> perdem energia, mantendo as emiss\u00f5es no infravermelho m\u00e9dio. Isso oferece dados fundamentais para aprimorar <strong>modelos te\u00f3ricos da f\u00edsica de buracos negros<\/strong> e entender a din\u00e2mica estelar em escalas pequenas e grandes.<\/p>\n<\/p>\n<p class=\"jarvics:base-text-neutral-high-400 base-text-[calc(theme(fontSize.xs)_*_var(--font-size,_1))] base-font-normal base-font-primary base-text-neutral-low-500 base-text-left\"><strong>Contribui\u00e7\u00e3o crucial do James Webb<\/strong><\/p>\n<p class=\"jarvics:base-text-neutral-high-400 base-text-[calc(theme(fontSize.xs)_*_var(--font-size,_1))] base-font-normal base-font-primary base-text-neutral-low-500 base-text-left\">\n<p>O <strong>JWST<\/strong>, com seu <strong>instrumento MIRI\/MRS<\/strong>, proporciona <strong>alta sensibilidade<\/strong> imposs\u00edvel de alcan\u00e7ar em observat\u00f3rios terrestres, devido \u00e0 interfer\u00eancia da <strong>atmosfera da Terra<\/strong>. Esse recurso permite medir com precis\u00e3o o <strong>\u00edndice espectral<\/strong> e analisar a evolu\u00e7\u00e3o das erup\u00e7\u00f5es de forma cont\u00ednua. As observa\u00e7\u00f5es da equipe, publicadas no <strong>reposit\u00f3rio arXiv<\/strong>, estabelecem um novo padr\u00e3o para estudos de buracos negros e fornecem dados essenciais para a <strong>astrof\u00edsica moderna<\/strong>.<\/p><\/p>\n","protected":false},"excerpt":{"rendered":"Explos\u00f5es de Sgr A revelam novos segredos no infravermelho m\u00e9dio (Imagem: NASA CCO Images via Canva) Fala Ci\u00eancia&hellip;\n","protected":false},"author":2,"featured_media":171445,"comment_status":"","ping_status":"","sticky":false,"template":"","format":"standard","meta":{"footnotes":""},"categories":[84],"tags":[109,107,108,32,33,105,103,104,106,110],"class_list":{"0":"post-171444","1":"post","2":"type-post","3":"status-publish","4":"format-standard","5":"has-post-thumbnail","7":"category-ciencia-e-tecnologia","8":"tag-ciencia","9":"tag-ciencia-e-tecnologia","10":"tag-cienciaetecnologia","11":"tag-portugal","12":"tag-pt","13":"tag-science","14":"tag-science-and-technology","15":"tag-scienceandtechnology","16":"tag-technology","17":"tag-tecnologia"},"share_on_mastodon":{"url":"https:\/\/pubeurope.com\/@pt\/115642726397682002","error":""},"_links":{"self":[{"href":"https:\/\/www.europesays.com\/pt\/wp-json\/wp\/v2\/posts\/171444","targetHints":{"allow":["GET"]}}],"collection":[{"href":"https:\/\/www.europesays.com\/pt\/wp-json\/wp\/v2\/posts"}],"about":[{"href":"https:\/\/www.europesays.com\/pt\/wp-json\/wp\/v2\/types\/post"}],"author":[{"embeddable":true,"href":"https:\/\/www.europesays.com\/pt\/wp-json\/wp\/v2\/users\/2"}],"replies":[{"embeddable":true,"href":"https:\/\/www.europesays.com\/pt\/wp-json\/wp\/v2\/comments?post=171444"}],"version-history":[{"count":0,"href":"https:\/\/www.europesays.com\/pt\/wp-json\/wp\/v2\/posts\/171444\/revisions"}],"wp:featuredmedia":[{"embeddable":true,"href":"https:\/\/www.europesays.com\/pt\/wp-json\/wp\/v2\/media\/171445"}],"wp:attachment":[{"href":"https:\/\/www.europesays.com\/pt\/wp-json\/wp\/v2\/media?parent=171444"}],"wp:term":[{"taxonomy":"category","embeddable":true,"href":"https:\/\/www.europesays.com\/pt\/wp-json\/wp\/v2\/categories?post=171444"},{"taxonomy":"post_tag","embeddable":true,"href":"https:\/\/www.europesays.com\/pt\/wp-json\/wp\/v2\/tags?post=171444"}],"curies":[{"name":"wp","href":"https:\/\/api.w.org\/{rel}","templated":true}]}}