{"id":171448,"date":"2025-12-01T05:49:17","date_gmt":"2025-12-01T05:49:17","guid":{"rendered":"https:\/\/www.europesays.com\/pt\/171448\/"},"modified":"2025-12-01T05:49:17","modified_gmt":"2025-12-01T05:49:17","slug":"a-cabeca-de-bednarek-segurou-um-gigante-que-ficou-sem-pernas-observador","status":"publish","type":"post","link":"https:\/\/www.europesays.com\/pt\/171448\/","title":{"rendered":"A cabe\u00e7a de Bednarek segurou um gigante que ficou sem pernas \u2013 Observador"},"content":{"rendered":"<p>O g\u00e1s parecia j\u00e1 n\u00e3o ser o mesmo, a senda de bons resultados pouco ou nada saiu beliscada com isso. \u00c9 certo que as desloca\u00e7\u00f5es a Nottingham e a Utrecht mostraram problemas novos sem as velhas solu\u00e7\u00f5es mas, entre a recupera\u00e7\u00e3o f\u00edsica de algumas unidades nevr\u00e1lgicas na din\u00e2mica coletiva, o FC Porto foi conseguindo dar prolongamento \u00e0 din\u00e2mica vencedora introduzida com Francesco Farioli no comando. Voltaram os triunfos convincentes, regressaram os duelos sem golos sofridos, aumentaram as respostas aos \u201cdilemas\u201d dos blocos mais baixos com o objetivo de tirar espa\u00e7o aos azuis e brancos no \u00faltimo ter\u00e7o. A par disso, o treinador que chegou do Ajax estava prestes a chegar ao <strong>n\u00famero redondo das 100 vit\u00f3rias na carreira,<\/strong> algo que podia ser alcan\u00e7ado na rece\u00e7\u00e3o ao Estoril no Drag\u00e3o ap\u00f3s o triunfo com o Nice e antes de um d\u00e9rbi na Liga.<\/p>\n<blockquote class=\"wp-embedded-content\" data-secret=\"PVgUZ7Wvmh\">\n<p><a href=\"https:\/\/observador.pt\/liveblogs\/fc-porto-estoril-dragoes-procuram-quarto-triunfo-seguido-na-liga-para-reforcarem-lideranca-antes-do-derbi\/\" rel=\"nofollow noopener\" target=\"_blank\">FC Porto-Estoril. Drag\u00f5es procuram quarto triunfo seguido na Liga para refor\u00e7arem lideran\u00e7a antes do d\u00e9rbi<\/a><\/p>\n<\/blockquote>\n<p>\u201c\u00c9 sempre bom ganhar, \u00e9 importante e \u00e9 tamb\u00e9m a prioridade. Para seguirmos na dire\u00e7\u00e3o que queremos, sim, que seja um dia importante para todos n\u00f3s\u201d, apontara o italiano na antec\u00e2mara do jogo, secundarizando a possibilidade de atingir esse 100.\u00ba sucesso em detrimento dos objetivos da equipa. \u201cTivemos pouco tempo de descanso, h\u00e1 dois ou tr\u00eas jogadores com problemas f\u00edsicos mas vamos fazer as devidas avalia\u00e7\u00f5es. Temos pela frente um jogo dif\u00edcil, <strong>o Estoril est\u00e1 num bom momento.<\/strong> Podem defender de tr\u00eas, quatro ou cinco formas diferentes, t\u00eam um ataque bastante fluido mas tent\u00e1mos prever todos os cen\u00e1rios. Mais importante: temos um grupo dentro das din\u00e2micas certas, que s\u00f3 precisa ter a melhor mentalidades\u201d, acrescentara, entre elogios \u00e0 liga\u00e7\u00e3o entre jogadores que se viu tamb\u00e9m no facto de Gabri Veiga ter respeitado a hierarquia na marca\u00e7\u00e3o de grandes penalidades que tem Samu como n\u00famero 1, passando ao lado da hip\u00f3tese de hat-trick.<\/p>\n<blockquote class=\"twitter-tweet\" data-width=\"500\" data-dnt=\"true\">\n<p lang=\"pt\" dir=\"ltr\">\u00c9 o 2.\u00ba jogo consecutivo, na Liga, que o ????FC Porto tem menos posse de bola do que advers\u00e1rio no est\u00e1dio do Drag\u00e3o:<br \/>49% vs Estoril Praia, V 1-0<br \/>31% vs SC Braga, V 2-1 <a href=\"https:\/\/t.co\/xiFhm2uKFs\" rel=\"nofollow\">pic.twitter.com\/xiFhm2uKFs<\/a><\/p>\n<p>\u2014 Playmaker (@playmaker_PT) <a href=\"https:\/\/twitter.com\/playmaker_PT\/status\/1995271193797308743?ref_src=twsrc%5Etfw\" rel=\"nofollow noopener\" target=\"_blank\">November 30, 2025<\/a><\/p>\n<\/blockquote>\n<p>\u201c\u00c9 importante partilhar as oportunidades. No papel o Samu era o marcador de pen\u00e1ltis, penso que o Gabri respeitou isso e deu-lhe a bola para marcar. Claro que toda a gente quer marcar mas a prioridade \u00e9 sermos uma equipa. Nisso o Gabri \u00e9 tamb\u00e9m um exemplo, n\u00e3o s\u00f3 pelo gesto mas pela forma como tem jogado, como tem contribu\u00eddo ofensivamente e ao n\u00edvel defensivo para o rendimento de toda a equipa. J\u00e1 tinha dito que temos um grande exemplo de outros jogadores, como o Pep\u00ea, o Rodrigo Mora ou oBorja\u2026 Isso \u00e9 fant\u00e1stico, \u00e9 por onde temos de ir e <strong>\u00e9 uma representa\u00e7\u00e3o importante do que \u00e9 o ADN do FC Porto. <\/strong>Rotatividade? Quando estamos num clube como o FC Porto sabemos que vamos ter mais do que 50 jogos ao longo de toda a temporada e temos de preparar os jogadores para estarem expostos a esses cen\u00e1rios\u201d, salientara o t\u00e9cnico.<\/p>\n<blockquote class=\"twitter-tweet\" data-width=\"500\" data-dnt=\"true\">\n<p lang=\"pt\" dir=\"ltr\">????FC Porto iguala a melhor s\u00e9rie de &#8216;clean sheets&#8217; na temporada:<br \/>????setembro (4J)<br \/>????novembro (4J) <a href=\"https:\/\/t.co\/J8Mcg0HP29\" rel=\"nofollow\">pic.twitter.com\/J8Mcg0HP29<\/a><\/p>\n<p>\u2014 Playmaker (@playmaker_PT) <a href=\"https:\/\/twitter.com\/playmaker_PT\/status\/1995259876193325393?ref_src=twsrc%5Etfw\" rel=\"nofollow noopener\" target=\"_blank\">November 30, 2025<\/a><\/p>\n<\/blockquote>\n<p>No entanto, a confer\u00eancia antes da rece\u00e7\u00e3o ao Estoril acabou por ser dominada pelas palavras do presidente do FC Porto, Andr\u00e9 Villas-Boas, que a par das cr\u00edticas aos crit\u00e9rios de arbitragem colocou tamb\u00e9m os drag\u00f5es como \u201calvo\u201d a abater na defini\u00e7\u00e3o do calend\u00e1rio de jogos da Primeira Liga entre uma alegada alian\u00e7a entre os rivais Benfica e Sporting. \u201cIncrivelmente, e contra uma vota\u00e7\u00e3o de 2-6, o FC Porto v\u00ea-se obrigado a jogar no dia 15, com o Estrela, no dia 18, com o FC Famalic\u00e3o para a Ta\u00e7a, e no dia 22 com o Alverca. Tudo normal n\u00e3o fosse o facto de o Sporting ter conseguido convencer os demais presentes a dois dias adicionais de descanso antes, joga no s\u00e1bado dia 13 de dezembro, na quinta-feira dia 18 para a Ta\u00e7a, e recebe um outro dia adicional de descanso depois, pois s\u00f3 joga de novo na ter\u00e7a-feira dia 23. <strong>\u00c9 esta a equidade que \u00e9 promovida pela Liga depois do famoso epis\u00f3dio sucedido com a marca\u00e7\u00e3o do jogo em Arouca.<\/strong> Uma forma de atuar onde o mesmo clube sai sempre prejudicado e onde as santas alian\u00e7as se revelam despudoradamente. Ainda vamos ver o d\u00e9rbi de Lisboa terminar com tr\u00eas pontos para cada um\u201d, escreveu.<\/p>\n<blockquote class=\"twitter-tweet\" data-width=\"500\" data-dnt=\"true\">\n<p lang=\"pt\" dir=\"ltr\">Quase dois meses depois o ????FC Porto conquista 4 vit\u00f3rias consecutivas (3 jogos em casa e 1 fora). <a href=\"https:\/\/t.co\/VBcp9t36Og\" rel=\"nofollow\">pic.twitter.com\/VBcp9t36Og<\/a><\/p>\n<p>\u2014 Playmaker (@playmaker_PT) <a href=\"https:\/\/twitter.com\/playmaker_PT\/status\/1995258846197997773?ref_src=twsrc%5Etfw\" rel=\"nofollow noopener\" target=\"_blank\">November 30, 2025<\/a><\/p>\n<\/blockquote>\n<p>\u201cComo sabem, as armadilhas s\u00e3o coisas com as quais n\u00e3o se est\u00e1 a contar, sen\u00e3o n\u00e3o eram armadilhas. Isto \u00e9 algo que de alguma forma temos de manter o nosso sistema em alerta para reagir e conseguir encontrar as respostas adequadas. Depois h\u00e1 outras coisas que s\u00e3o bastante evidentes, uma \u00e9 o calend\u00e1rio, que \u00e9 algo que estou a ficar aborrecido de comentar todos os dias mas infelizmente \u00e9 um tema que continua a\u00ed. Estou muito contente com o facto de ter um presidente t\u00e3o pr\u00f3ximo, que est\u00e1 t\u00e3o por dentro da atividade di\u00e1ria do clube como ele tem feito. <strong>Penso que ele est\u00e1 a fazer o melhor pelo clube, a esfor\u00e7ar-se e a tentar com que a competi\u00e7\u00e3o seja mais justa para todos.<\/strong> Que \u00e9 algo pelo qual todos n\u00f3s e todos os que gostam de futebol devem procurar\u201d, referiu a esse prop\u00f3sito Francesco Farioli, colocando-se ao lado do l\u00edder portista.<\/p>\n<blockquote class=\"twitter-tweet\" data-width=\"500\" data-dnt=\"true\">\n<p lang=\"pt\" dir=\"ltr\">????Desde que a vit\u00f3ria que vale 3 pontos (1995\/96), o ????FC Porto conquista pela primeira vez 11 vit\u00f3rias em 12 jornadas.<\/p>\n<p>\u00c9 tamb\u00e9m a melhor pontua\u00e7\u00e3o registada pelos drag\u00f5es nesta fase do campeonato (34 pontos). <a href=\"https:\/\/t.co\/oFOfSPRTix\" rel=\"nofollow\">pic.twitter.com\/oFOfSPRTix<\/a><\/p>\n<p>\u2014 Playmaker (@playmaker_PT) <a href=\"https:\/\/twitter.com\/playmaker_PT\/status\/1995273536991379562?ref_src=twsrc%5Etfw\" rel=\"nofollow noopener\" target=\"_blank\">November 30, 2025<\/a><\/p>\n<\/blockquote>\n<p>Com mais ou menos raz\u00e3o, percebe-se a preocupa\u00e7\u00e3o e o jogo com o Estoril foi um exemplo paradigm\u00e1tico daquele que pode ser um dos maiores advers\u00e1rios do FC Porto nesta fase da \u00e9poca: <strong>a parte f\u00edsica.<\/strong> A forma como a intensidade, a agressividade e as zonas de press\u00e3o altas s\u00e3o imagens de marca da equipa de Farioli tamb\u00e9m tendem a passar uma fatura nos encontros com menos inspira\u00e7\u00e3o individual, como se viu mais uma vez com os drag\u00f5es a quererem fechar mais cedo o jogo mas a ficarem com a vantagem m\u00ednima para ficarem isolados no topo antes do d\u00e9rbi lisboeta na Luz. Valeu o golo cheio de oportunismo de William Gomes, o voluntarismo de Pablo Rosario no meio-campo, o tanque de Froholdt enquanto teve gasolina e a cabe\u00e7a de Bednarek, o gigante imperial na defesa que teve um corte determinante na \u00e1rea em cima do minuto 90.<\/p>\n<blockquote class=\"twitter-tweet\" data-width=\"500\" data-dnt=\"true\">\n<p lang=\"pt\" dir=\"ltr\">????????William Gomes fez o 3.\u00ba golo da vit\u00f3ria em 5 golos apontados nesta temporada:<br \/>vs Estoril [C]<br \/>vs Red Bull Salzburg [F]<br \/>vs Sporting [F] <a href=\"https:\/\/t.co\/Asd4IR26EG\" rel=\"nofollow\">pic.twitter.com\/Asd4IR26EG<\/a><\/p>\n<p>\u2014 Playmaker (@playmaker_PT) <a href=\"https:\/\/twitter.com\/playmaker_PT\/status\/1995263487094714732?ref_src=twsrc%5Etfw\" rel=\"nofollow noopener\" target=\"_blank\">November 30, 2025<\/a><\/p>\n<\/blockquote>\n<blockquote class=\"twitter-tweet\" data-width=\"500\" data-dnt=\"true\">\n<p lang=\"pt\" dir=\"ltr\">\u26bd\ufe0f MVP(s) GOALPOINT \u2b50\ufe0f<br \/>???? Porto 1 \u2013 0 Estoril ????<\/p>\n<p>\u25c9 O algoritmo escolheu JAN BEDNAREK ???????? como MVP, nas cent\u00e9simas, mas este foi um daqueles jogos que mostrou o que o Porto ganhou ao trazer dois &#8220;upgrades&#8221; para o eixo defensivo, inclu\u00edndo tambem JAKUB KIWIOR ????????. Hoje, perante o\u2026 <a href=\"https:\/\/t.co\/I1hRTsfPpb\" rel=\"nofollow\">pic.twitter.com\/I1hRTsfPpb<\/a><\/p>\n<p>\u2014 GoalPoint (@_Goalpoint) <a href=\"https:\/\/twitter.com\/_Goalpoint\/status\/1995262288454963389?ref_src=twsrc%5Etfw\" rel=\"nofollow noopener\" target=\"_blank\">November 30, 2025<\/a><\/p>\n<\/blockquote>\n<p>\t\t    \t\t         Ficha de jogo <\/p>\n<p>\t\t\t\t\t\u2193 Mostrar<\/p>\n<p>\t\t\t\t\t\u2191 Esconder<\/p>\n<p><strong>FC Porto-Estoril, 1-0<\/strong><\/p>\n<p>12.\u00aa jornada da Primeira Liga<\/p>\n<p>Est\u00e1dio do Drag\u00e3o, no Porto<\/p>\n<p><strong>\u00c1rbitro:<\/strong> Andr\u00e9 Narciso (AF Set\u00fabal)<\/p>\n<p><strong>FC Porto:<\/strong> Diogo Costa; Alberto Costa (Martim Fernandes, 59\u2032), Bednarek, Kiwior, Francisco Moura (Zaidu, 46\u2032); Pablo Rosario, Froholdt, Rodrigo Mora (Gabri Veiga, 59\u2032); William Gomes, Borja Sainz (Eust\u00e1quio, 82\u2032) e Samu (Luuk de Jong, 68\u2032)<\/p>\n<p><strong>Suplentes n\u00e3o utilizados:<\/strong> Cl\u00e1udio Ramos, Prpic, Pep\u00ea e\u00a0Alarc\u00f3n<\/p>\n<p><strong>Treinador:<\/strong>\u00a0Francesco Farioli<\/p>\n<p><strong>Estoril:<\/strong> Joel Robles; Ricard S\u00e1nchez (Pedro Carvalho, 56\u2032), Boma, Bacher, Pedro Amaral (Gon\u00e7alo Costa, 56\u2032); Holsgrove, Jandro (Ferro, 66\u2032), Jo\u00e3o Carvalho; Rafik Guitane, Andr\u00e9 Lacximicant (Alejandro Marqu\u00e9s, 75\u2032) e Begraoui<\/p>\n<p><strong>Suplentes n\u00e3o utilizados:<\/strong> Martin Turk, Lu\u00eds Fernandes, Patrick Carreiro, Tiago Parente e Tiago Brito<\/p>\n<p><strong>Treinador:<\/strong>\u00a0Ian Cathro<\/p>\n<p><strong>Golo:<\/strong> William Gomes (8\u2032)<\/p>\n<p><strong>A\u00e7\u00e3o disciplinar:<\/strong> cart\u00e3o amarelo a Holsgrove (12\u2032), Ricard S\u00e1nchez (38\u2032), Francisco Moura (42\u2032) e Joel Robles (53\u2032)<\/p>\n<p>As entradas de Rodrigo Mora, William Gomes e Borja Sainz de in\u00edcio mostravam ao que vinha o FC Porto, com op\u00e7\u00f5es a assumir uma maior largura no jogo ofensivo e com a possibilidade de colocar a coqueluche de 18 anos a pisar terrenos mais pr\u00f3ximos de Samu mesmo come\u00e7ando a partir da meia esquerda. No entanto, o primeiro sinal de perigo acabou por pertencer ao Estoril, com Begraoui a ser lan\u00e7ado na profundidade ap\u00f3s um erro dos drag\u00f5es num livre, Diogo Costa a sair mal da baliza e o marroquino nascido em Fran\u00e7a a tentar um chap\u00e9u de longe de baliza aberta que passou ao lado (5\u2032). <strong>A amea\u00e7a tinha sido deixada, a resposta foi letal:<\/strong> num primeiro lance, Samu ganhou na profundidade \u00e0 defesa canarinha, passou por Robles, tocou para a baliza mas a jogada foi anulada por fora de jogo (7\u2032); logo de seguida, na marca\u00e7\u00e3o desse livre indireto, Holsgrove teve um passe errado, William Gomes intercetou em zona alta e rematou cruzado para o 1-0 (8\u2032).<\/p>\n<p><strong>[Clique nas imagens para ver os melhores momentos do FC Porto-Estoril em v\u00eddeo]<\/strong><\/p>\n<p><script async src=\"https:\/\/platform.twitter.com\/widgets.js\" charset=\"utf-8\"><\/script><\/p>\n","protected":false},"excerpt":{"rendered":"O g\u00e1s parecia j\u00e1 n\u00e3o ser o mesmo, a senda de bons resultados pouco ou nada saiu beliscada&hellip;\n","protected":false},"author":2,"featured_media":171449,"comment_status":"","ping_status":"","sticky":false,"template":"","format":"standard","meta":{"footnotes":""},"categories":[145],"tags":[211,210,135,114,115,9173,282,524,10589,32,33],"class_list":{"0":"post-171448","1":"post","2":"type-post","3":"status-publish","4":"format-standard","5":"has-post-thumbnail","7":"category-celebridades","8":"tag-celebridades","9":"tag-celebrities","10":"tag-desporto","11":"tag-entertainment","12":"tag-entretenimento","13":"tag-estoril-praia","14":"tag-fc-porto","15":"tag-futebol","16":"tag-i-liga-betclic","17":"tag-portugal","18":"tag-pt"},"share_on_mastodon":{"url":"https:\/\/pubeurope.com\/@pt\/115642745698578932","error":""},"_links":{"self":[{"href":"https:\/\/www.europesays.com\/pt\/wp-json\/wp\/v2\/posts\/171448","targetHints":{"allow":["GET"]}}],"collection":[{"href":"https:\/\/www.europesays.com\/pt\/wp-json\/wp\/v2\/posts"}],"about":[{"href":"https:\/\/www.europesays.com\/pt\/wp-json\/wp\/v2\/types\/post"}],"author":[{"embeddable":true,"href":"https:\/\/www.europesays.com\/pt\/wp-json\/wp\/v2\/users\/2"}],"replies":[{"embeddable":true,"href":"https:\/\/www.europesays.com\/pt\/wp-json\/wp\/v2\/comments?post=171448"}],"version-history":[{"count":0,"href":"https:\/\/www.europesays.com\/pt\/wp-json\/wp\/v2\/posts\/171448\/revisions"}],"wp:featuredmedia":[{"embeddable":true,"href":"https:\/\/www.europesays.com\/pt\/wp-json\/wp\/v2\/media\/171449"}],"wp:attachment":[{"href":"https:\/\/www.europesays.com\/pt\/wp-json\/wp\/v2\/media?parent=171448"}],"wp:term":[{"taxonomy":"category","embeddable":true,"href":"https:\/\/www.europesays.com\/pt\/wp-json\/wp\/v2\/categories?post=171448"},{"taxonomy":"post_tag","embeddable":true,"href":"https:\/\/www.europesays.com\/pt\/wp-json\/wp\/v2\/tags?post=171448"}],"curies":[{"name":"wp","href":"https:\/\/api.w.org\/{rel}","templated":true}]}}