{"id":171452,"date":"2025-12-01T05:58:46","date_gmt":"2025-12-01T05:58:46","guid":{"rendered":"https:\/\/www.europesays.com\/pt\/171452\/"},"modified":"2025-12-01T05:58:46","modified_gmt":"2025-12-01T05:58:46","slug":"apple-lanca-anuncio-musical-de-natal-gravado-com-o-iphone-17-pro","status":"publish","type":"post","link":"https:\/\/www.europesays.com\/pt\/171452\/","title":{"rendered":"Apple lan\u00e7a an\u00fancio musical de Natal gravado com o iPhone 17 Pro"},"content":{"rendered":"<p>            <a href=\"https:\/\/iservices.pt\/\" target=\"_blank\" rel=\"sponsored noopener nofollow\"><br \/>\n              <img src=\"https:\/\/www.europesays.com\/pt\/wp-content\/uploads\/2025\/12\/IMG_0046.gif\" alt=\"Pub\" width=\"970\" height=\"250\" loading=\"lazy\" decoding=\"async\" style=\"max-width:100%;height:auto;border-radius:12px;\"\/><br \/>\n            <\/a><\/p>\n<p>A Apple estreou a sua nova campanha festiva intitulada \u201cA Critter Carol\u201d, um pequeno filme musical onde um iPhone 17 Pro perdido acaba por ser descoberto por animais da floresta. Trata-se de uma ad muito apelativa, pelo sujeito e espa\u00e7o envolvente.<\/p>\n<p>O engra\u00e7ado \u00e9 que os animais da floresta usam o dispositivo para gravar uma interpreta\u00e7\u00e3o da can\u00e7\u00e3o Friends, dos Flight of the Conchords. Na narrativa, dois exploradores deixam cair acidentalmente o telefone no ch\u00e3o da floresta \u2013 um iPhone 17 Pro (azul).<\/p>\n<p>Este \u00e9, posteriormente, encontrado pelos animais, que o transformam numa c\u00e2mara improvisada para registar o seu espet\u00e1culo natal\u00edcio. O momento \u00e9 interrompido quando o dono ativa a fun\u00e7\u00e3o Ping no Apple Watch, conseguindo localizar e recuperar o smartphone.<\/p>\n<p>Para complementar, a Apple divulgou um v\u00eddeo \u201cmaking of\u201d que mostra como o projeto foi concretizado. Isto \u00e9, por um lado, os bonecos\/marionetes dos animais foram manipulados manualmente por animadores vestidos de azul, cor posteriormente removida digitalmente.<\/p>\n<p>Do mesmo modo, o cen\u00e1rio da floresta foi constru\u00eddo sobre uma plataforma suspensa a cerca de um metro do ch\u00e3o, permitindo que os animadores controlassem as marionetas por baixo do palco. Todo o processo de filmagem recorreu tamb\u00e9m a iPhones, refor\u00e7ando a ideia de que o dispositivo \u00e9 uma ferramenta criativa al\u00e9m de pessoal.<\/p>\n<p>J\u00e1 n\u00e3o \u00e9 a primeira, nem ser\u00e1 a \u00faltima vez, que vemos a Apple refor\u00e7ar a ideia \u2013 atrav\u00e9s de bons conte\u00fados \u2013 de que o iPhone serve efetivamente para substituir uma c\u00e2mara de filmar \u201ctradicional\u201d. Ainda para mais, com todos os recursos que a empresa de Cupertino vem adicionando ano ap\u00f3s ano, n\u00e3o h\u00e1 d\u00favida alguma que estes equipamentos, com boas condi\u00e7\u00f5es de luz e n\u00e3o s\u00f3, s\u00e3o mesmo capazes de gravar momentos inigual\u00e1veis.<\/p>\n<p>            <a href=\"https:\/\/get.surfshark.net\/aff_c?offer_id=6&amp;aff_id=27171\" target=\"_blank\" rel=\"sponsored noopener nofollow\"><br \/>\n              <img src=\"https:\/\/www.europesays.com\/pt\/wp-content\/uploads\/2025\/12\/970x250.png\" alt=\"Pub\" width=\"970\" height=\"250\" loading=\"lazy\" decoding=\"async\" style=\"max-width:100%;height:auto;border-radius:12px;\"\/><br \/>\n            <\/a><\/p>\n","protected":false},"excerpt":{"rendered":"A Apple estreou a sua nova campanha festiva intitulada \u201cA Critter Carol\u201d, um pequeno filme musical onde um&hellip;\n","protected":false},"author":2,"featured_media":171453,"comment_status":"","ping_status":"","sticky":false,"template":"","format":"standard","meta":{"footnotes":""},"categories":[84],"tags":[109,107,108,32,33,105,103,104,106,110],"class_list":{"0":"post-171452","1":"post","2":"type-post","3":"status-publish","4":"format-standard","5":"has-post-thumbnail","7":"category-ciencia-e-tecnologia","8":"tag-ciencia","9":"tag-ciencia-e-tecnologia","10":"tag-cienciaetecnologia","11":"tag-portugal","12":"tag-pt","13":"tag-science","14":"tag-science-and-technology","15":"tag-scienceandtechnology","16":"tag-technology","17":"tag-tecnologia"},"share_on_mastodon":{"url":"https:\/\/pubeurope.com\/@pt\/115642781707617215","error":""},"_links":{"self":[{"href":"https:\/\/www.europesays.com\/pt\/wp-json\/wp\/v2\/posts\/171452","targetHints":{"allow":["GET"]}}],"collection":[{"href":"https:\/\/www.europesays.com\/pt\/wp-json\/wp\/v2\/posts"}],"about":[{"href":"https:\/\/www.europesays.com\/pt\/wp-json\/wp\/v2\/types\/post"}],"author":[{"embeddable":true,"href":"https:\/\/www.europesays.com\/pt\/wp-json\/wp\/v2\/users\/2"}],"replies":[{"embeddable":true,"href":"https:\/\/www.europesays.com\/pt\/wp-json\/wp\/v2\/comments?post=171452"}],"version-history":[{"count":0,"href":"https:\/\/www.europesays.com\/pt\/wp-json\/wp\/v2\/posts\/171452\/revisions"}],"wp:featuredmedia":[{"embeddable":true,"href":"https:\/\/www.europesays.com\/pt\/wp-json\/wp\/v2\/media\/171453"}],"wp:attachment":[{"href":"https:\/\/www.europesays.com\/pt\/wp-json\/wp\/v2\/media?parent=171452"}],"wp:term":[{"taxonomy":"category","embeddable":true,"href":"https:\/\/www.europesays.com\/pt\/wp-json\/wp\/v2\/categories?post=171452"},{"taxonomy":"post_tag","embeddable":true,"href":"https:\/\/www.europesays.com\/pt\/wp-json\/wp\/v2\/tags?post=171452"}],"curies":[{"name":"wp","href":"https:\/\/api.w.org\/{rel}","templated":true}]}}