{"id":171458,"date":"2025-12-01T06:07:22","date_gmt":"2025-12-01T06:07:22","guid":{"rendered":"https:\/\/www.europesays.com\/pt\/171458\/"},"modified":"2025-12-01T06:07:22","modified_gmt":"2025-12-01T06:07:22","slug":"novelas-duas-historias-duas-estrategias-uma-guerra-de-audiencias-jornal-de-noticias","status":"publish","type":"post","link":"https:\/\/www.europesays.com\/pt\/171458\/","title":{"rendered":"Novelas: duas hist\u00f3rias, duas estrat\u00e9gias, uma guerra de audi\u00eancias &#8211; Jornal de Not\u00edcias"},"content":{"rendered":"<ol>\n<li><a href=\"https:\/\/news.google.com\/rss\/articles\/CBMipwFBVV95cUxOVzRMTU9FaFhaVEdXOWxFLTdGcV9HU18yNC1QNU5FYlUwYTlDNVlnSWhKcTVXTGNaSFprMDdpcVZhRGc1VS1CVkZHY3Fmd01EdVpMN1ZoV1BDQmhxalAxc053SFBoYlFVb3Q2WVE1NUc3UUFjdnRmNkhjSjBZZV94TjlwWGFMTDNBcW9jcnpmZy0yWjB2a0NzYlNERy1nRk5wRkIxeDNWRQ?oc=5\" target=\"_blank\" rel=\"nofollow noopener\">Novelas: duas hist\u00f3rias, duas estrat\u00e9gias, uma guerra de audi\u00eancias<\/a>&nbsp;&nbsp;Jornal de Not\u00edcias<\/li>\n<li><a href=\"https:\/\/news.google.com\/rss\/articles\/CBMiggFBVV95cUxPX1hqTHRZckpwN2tEb1lSWGpLSXN3SW5KeUxJbnozckVReF9aQV8wZF9iZFBFbWl0c3NVNl9zcFFyMFIyUFZIVUFfVVlyeVQzU2JtcFBicVVYWlA5SkhIbjdVVEl3SElPQTZUN19LM01xTEFYdy04WXhIM1U1X3FRQnhn?oc=5\" target=\"_blank\" rel=\"nofollow noopener\">\u00abVit\u00f3ria\u00bb ou \u00abTerra Forte\u00bb, veja quem liderou!<\/a>&nbsp;&nbsp;Quinto Canal<\/li>\n<li><a href=\"https:\/\/news.google.com\/rss\/articles\/CBMihwFBVV95cUxPZ2VOZVp1aWxBd2RzM05pLVFCenRyNXBnVHZNM3BfaGt3WmV4d0dkWnhyQmlCX3lDakNWaHZUUnVNVDMtbEFuOW5ES1NwM1BfQWlGTUFDMjBLdzZjLTN0UkF4T1gxaEM5eFBWeERrSmxoakRNRDZ3TUxtb2g1QVZpSmF6dnB2bG8?oc=5\" target=\"_blank\" rel=\"nofollow noopener\">\u00abVit\u00f3ria\u00bb e \u00abA Heran\u00e7a\u00bb somam mais uma lideran\u00e7a<\/a>&nbsp;&nbsp;Quinto Canal<\/li>\n<li><a href=\"https:\/\/news.google.com\/rss\/articles\/CBMimAFBVV95cUxNYUdsa01ITmhwX3BwVjBfYmNzQ2tnaHpNZk5jVDZoOFVyeGE3YUU3MkVoLUE0WmI0RTVsdFFuY1V2WDNfRUVPNmExWE9iaE11UlZqdjZjc0JyenNxeWlJdnR2V1N5RTNQY0lQdlNpMWtrU3dYdjVnTEJMWWFiRFhnbG9oeHIwU0ZjU1pjNVo5dlM2TFN2eVFLNQ?oc=5\" target=\"_blank\" rel=\"nofollow noopener\">\u00abTerra Forte\u00bb e \u00abVit\u00f3ria\u00bb ficam bem pr\u00f3ximas. Veja a audi\u00eancia!<\/a>&nbsp;&nbsp;Quinto Canal<\/li>\n<li><a href=\"https:\/\/news.google.com\/rss\/articles\/CBMimgFBVV95cUxNMVdkSTFYZkNtdXgxTDFYbklfd0xRdWZDa085MXBtUzhjSmVYSFBQUnpCbEhkWFl5cmpBTFFOMkpObUxyZlZnNEdEaWJBMG1Vdzd6d1RTTTEyZnUwNjBuM0pSWHYwZWJHdU1wZHdCLU1Land6YjRpN0Y5anBGd2dsamVEMGJKNnhLeHJmX2hSQ09NZy1scmVCTDFn?oc=5\" target=\"_blank\" rel=\"nofollow noopener\">\u00abVit\u00f3ria\u00bb ou \u00abTerra Forte\u00bb, veja a audi\u00eancia desta quarta-feira!<\/a>&nbsp;&nbsp;Quinto Canal<\/li>\n<\/ol>\n","protected":false},"excerpt":{"rendered":"Novelas: duas hist\u00f3rias, duas estrat\u00e9gias, uma guerra de audi\u00eancias&nbsp;&nbsp;Jornal de Not\u00edcias \u00abVit\u00f3ria\u00bb ou \u00abTerra Forte\u00bb, veja quem liderou!&nbsp;&nbsp;Quinto&hellip;\n","protected":false},"author":2,"featured_media":171459,"comment_status":"","ping_status":"","sticky":false,"template":"","format":"standard","meta":{"footnotes":""},"categories":[142],"tags":[114,115,715,161,32,33,1751,151,162],"class_list":{"0":"post-171458","1":"post","2":"type-post","3":"status-publish","4":"format-standard","5":"has-post-thumbnail","7":"category-tv","8":"tag-entertainment","9":"tag-entretenimento","10":"tag-media","11":"tag-novelas","12":"tag-portugal","13":"tag-pt","14":"tag-sic","15":"tag-tv","16":"tag-tvi"},"share_on_mastodon":{"url":"https:\/\/pubeurope.com\/@pt\/115642816519538404","error":""},"_links":{"self":[{"href":"https:\/\/www.europesays.com\/pt\/wp-json\/wp\/v2\/posts\/171458","targetHints":{"allow":["GET"]}}],"collection":[{"href":"https:\/\/www.europesays.com\/pt\/wp-json\/wp\/v2\/posts"}],"about":[{"href":"https:\/\/www.europesays.com\/pt\/wp-json\/wp\/v2\/types\/post"}],"author":[{"embeddable":true,"href":"https:\/\/www.europesays.com\/pt\/wp-json\/wp\/v2\/users\/2"}],"replies":[{"embeddable":true,"href":"https:\/\/www.europesays.com\/pt\/wp-json\/wp\/v2\/comments?post=171458"}],"version-history":[{"count":0,"href":"https:\/\/www.europesays.com\/pt\/wp-json\/wp\/v2\/posts\/171458\/revisions"}],"wp:featuredmedia":[{"embeddable":true,"href":"https:\/\/www.europesays.com\/pt\/wp-json\/wp\/v2\/media\/171459"}],"wp:attachment":[{"href":"https:\/\/www.europesays.com\/pt\/wp-json\/wp\/v2\/media?parent=171458"}],"wp:term":[{"taxonomy":"category","embeddable":true,"href":"https:\/\/www.europesays.com\/pt\/wp-json\/wp\/v2\/categories?post=171458"},{"taxonomy":"post_tag","embeddable":true,"href":"https:\/\/www.europesays.com\/pt\/wp-json\/wp\/v2\/tags?post=171458"}],"curies":[{"name":"wp","href":"https:\/\/api.w.org\/{rel}","templated":true}]}}