{"id":171460,"date":"2025-12-01T06:13:29","date_gmt":"2025-12-01T06:13:29","guid":{"rendered":"https:\/\/www.europesays.com\/pt\/171460\/"},"modified":"2025-12-01T06:13:29","modified_gmt":"2025-12-01T06:13:29","slug":"nem-a-materia-escura-escapa-da-gravidade-sugere-novo-estudo","status":"publish","type":"post","link":"https:\/\/www.europesays.com\/pt\/171460\/","title":{"rendered":"Nem a mat\u00e9ria escura escapa da gravidade, sugere novo estudo"},"content":{"rendered":"<p><b\/> A mat\u00e9ria escura continua sendo um dos maiores enigmas do universo. Invis\u00edvel, intang\u00edvel e ainda n\u00e3o detectada diretamente, ela representa cerca de 85% de toda a mat\u00e9ria conhecida \u2014 mas n\u00e3o sabemos do que \u00e9 feita. Agora, uma nova pesquisa refor\u00e7a que, apesar de misteriosa, ela parece obedecer \u00e0s mesmas leis gravitacionais <a href=\"https:\/\/www.gizmodo.com.br\/toque-o-infinito-a-experiencia-que-permite-sentir-galaxias-e-buracos-negros-22857\" rel=\"nofollow noopener\" target=\"_blank\">que estruturam estrelas, planetas e gal\u00e1xias<\/a>. E, ao mesmo tempo, abre uma janela estreita para algo que pode mudar tudo no futuro.<\/p>\n<p> <b>O que o estudo analisou<\/b> <\/p>\n<p>O trabalho, publicado em 3 de novembro na revista Nature Communications, examinou matematicamente grandes conjuntos de dados sobre redshift \u2014 o deslocamento do comprimento de onda da luz visto quando gal\u00e1xias se afastam do observador.<br \/> Os pesquisadores combinaram medi\u00e7\u00f5es de tr\u00eas anos do Dark Energy Survey com 22 bases espectrosc\u00f3picas adicionais, avaliando se o comportamento observado se encaixava nas previs\u00f5es da relatividade geral e das equa\u00e7\u00f5es de Euler, <a href=\"https:\/\/www.gizmodo.com.br\/y1-a-galaxia-detectada-pelo-james-webb-que-desafia-tudo-o-que-sabemos-sobre-o-universo-primordial-34654\" rel=\"nofollow noopener\" target=\"_blank\">ferramentas fundamentais usadas na cosmologia.<\/a><\/p>\n<p> <b>A mat\u00e9ria escura cai \u2014 como n\u00f3s \u2014 nos po\u00e7os gravitacionais<\/b> <\/p>\n<p>Para entender o fen\u00f4meno, os cientistas observaram po\u00e7os gravitacionais: curvaturas profundas no tecido do espa\u00e7o-tempo causadas por objetos massivos. Eles analisaram como o movimento das gal\u00e1xias mudava ao atravessar essas regi\u00f5es, detectado pelo redshift.<\/p>\n<p>\u201cSe a mat\u00e9ria escura n\u00e3o estiver sujeita a uma quinta for\u00e7a, ela cair\u00e1 nesses po\u00e7os como a mat\u00e9ria comum, guiada apenas pela gravidade\u201d, explicou Camille Bonvin, coautora do estudo.<\/p>\n<p>E foi exatamente isso que os c\u00e1lculos mostraram. A movimenta\u00e7\u00e3o das gal\u00e1xias condizia com a relatividade e com Euler \u2014 o que indica que a mat\u00e9ria escura provavelmente tamb\u00e9m segue essas leis.<\/p>\n<p> <b>Mas e se existir uma quinta for\u00e7a?<\/b> <\/p>\n<p><strong>A f\u00edsica moderna reconhece quatro for\u00e7as fundamentais:<\/strong><br \/>\u00a0 gravidade<br \/>\u00a0 eletromagnetismo<br \/>\u00a0 for\u00e7a nuclear forte<br \/>\u00a0 for\u00e7a nuclear fraca<\/p>\n<p>A mat\u00e9ria escura poderia responder a uma quinta for\u00e7a independente?<br \/> A resposta, por enquanto, \u00e9 um \u201ctalvez\u201d t\u00edmido.<\/p>\n<p>A equipe afirma que os resultados n\u00e3o descartam completamente a exist\u00eancia dessa for\u00e7a. Se ela existir, por\u00e9m, deve ser muito fraca \u2014 <a href=\"https:\/\/www.gizmodo.com.br\/china-inaugura-maquina-que-acelera-processos-de-seculos-em-dias-a-nova-fronteira-da-hipergravidade-24005\" rel=\"nofollow noopener\" target=\"_blank\">no m\u00e1ximo 7% da intensidade da gravidade<\/a> \u2014 ou j\u00e1 teria aparecido de forma clara nos dados.<\/p>\n<p>O estudo sugere que uma quinta for\u00e7a deixaria marcas percept\u00edveis na evolu\u00e7\u00e3o de gal\u00e1xias, na distribui\u00e7\u00e3o de densidade c\u00f3smica e nas flutua\u00e7\u00f5es gravitacionais.<br \/> Se confirmada, exigiria reformular parte da cosmologia moderna.<\/p>\n<p> <b>Pr\u00f3ximos passos \u2014 e a possibilidade de uma revolu\u00e7\u00e3o<\/b> <\/p>\n<p>Os cientistas esperam testar melhor essa hip\u00f3tese com novos registros do Vera C. Rubin Observatory e das pr\u00f3ximas fases do Dark Energy Survey, que trar\u00e3o medi\u00e7\u00f5es ainda mais sens\u00edveis do cosmos profundo.<\/p>\n<p>Por enquanto, o universo segue com sua ironia intacta: mesmo o componente mais enigm\u00e1tico e invis\u00edvel da mat\u00e9ria parece <a href=\"https:\/\/www.gizmodo.com.br\/china-inaugura-maquina-que-acelera-processos-de-seculos-em-dias-a-nova-fronteira-da-hipergravidade-24005\" rel=\"nofollow noopener\" target=\"_blank\">n\u00e3o escapar ao pux\u00e3o implac\u00e1vel da gravidade.<\/a><br \/> Mas basta um desvio pequeno para que tudo o que sabemos precise ser reescrito.<\/p>\n<p>\u00a0<\/p>\n","protected":false},"excerpt":{"rendered":"A mat\u00e9ria escura continua sendo um dos maiores enigmas do universo. Invis\u00edvel, intang\u00edvel e ainda n\u00e3o detectada diretamente,&hellip;\n","protected":false},"author":2,"featured_media":171461,"comment_status":"","ping_status":"","sticky":false,"template":"","format":"standard","meta":{"footnotes":""},"categories":[84],"tags":[109,107,108,32,33,105,103,104,106,110],"class_list":{"0":"post-171460","1":"post","2":"type-post","3":"status-publish","4":"format-standard","5":"has-post-thumbnail","7":"category-ciencia-e-tecnologia","8":"tag-ciencia","9":"tag-ciencia-e-tecnologia","10":"tag-cienciaetecnologia","11":"tag-portugal","12":"tag-pt","13":"tag-science","14":"tag-science-and-technology","15":"tag-scienceandtechnology","16":"tag-technology","17":"tag-tecnologia"},"share_on_mastodon":{"url":"https:\/\/pubeurope.com\/@pt\/115642840075920836","error":""},"_links":{"self":[{"href":"https:\/\/www.europesays.com\/pt\/wp-json\/wp\/v2\/posts\/171460","targetHints":{"allow":["GET"]}}],"collection":[{"href":"https:\/\/www.europesays.com\/pt\/wp-json\/wp\/v2\/posts"}],"about":[{"href":"https:\/\/www.europesays.com\/pt\/wp-json\/wp\/v2\/types\/post"}],"author":[{"embeddable":true,"href":"https:\/\/www.europesays.com\/pt\/wp-json\/wp\/v2\/users\/2"}],"replies":[{"embeddable":true,"href":"https:\/\/www.europesays.com\/pt\/wp-json\/wp\/v2\/comments?post=171460"}],"version-history":[{"count":0,"href":"https:\/\/www.europesays.com\/pt\/wp-json\/wp\/v2\/posts\/171460\/revisions"}],"wp:featuredmedia":[{"embeddable":true,"href":"https:\/\/www.europesays.com\/pt\/wp-json\/wp\/v2\/media\/171461"}],"wp:attachment":[{"href":"https:\/\/www.europesays.com\/pt\/wp-json\/wp\/v2\/media?parent=171460"}],"wp:term":[{"taxonomy":"category","embeddable":true,"href":"https:\/\/www.europesays.com\/pt\/wp-json\/wp\/v2\/categories?post=171460"},{"taxonomy":"post_tag","embeddable":true,"href":"https:\/\/www.europesays.com\/pt\/wp-json\/wp\/v2\/tags?post=171460"}],"curies":[{"name":"wp","href":"https:\/\/api.w.org\/{rel}","templated":true}]}}