{"id":171462,"date":"2025-12-01T06:18:15","date_gmt":"2025-12-01T06:18:15","guid":{"rendered":"https:\/\/www.europesays.com\/pt\/171462\/"},"modified":"2025-12-01T06:18:15","modified_gmt":"2025-12-01T06:18:15","slug":"sandrina-pratas-descobre-dificil-problema-de-saude-da-filha-ela-comeca-a-agarrar-se-a-cabeca-e-da-gritos","status":"publish","type":"post","link":"https:\/\/www.europesays.com\/pt\/171462\/","title":{"rendered":"Sandrina Pratas &#8211; Descobre dif\u00edcil problema de sa\u00fade da filha: &#8220;Ela come\u00e7a a agarrar-se \u00e0 cabe\u00e7a e d\u00e1 gritos&#8221;"},"content":{"rendered":"<p><strong>Sandrina Pratas<\/strong>\u00a0est\u00e1 a enfrentar dias\u00a0dif\u00edceis com a filha, a pequena <strong>Ariel<\/strong>, de apenas dois anos.\u00a0A menina, fruto da rela\u00e7\u00e3o com<strong> Lucas Santos<\/strong>,\u00a0enfrenta um problema de sa\u00fade delicado j\u00e1 que\u00a0n\u00e3o ouve nada de um dos ouvidos e\u00a0do outro\u00a0apenas cerca de 85%. Em declara\u00e7\u00f5es \u00e0 revista <a href=\"https:\/\/www.tv7dias.pt\/sandrina-pratas-filha-podera-ser-submetida-a-operacao-ex-big-brother-conta-tudo-a-minha-bebe-nao-fala\" rel=\"nofollow noopener\" target=\"_blank\">TV 7 Dias<\/a>, a jovem cabeleireira explicou como descobriu.<\/p>\n<blockquote>\n<p><strong>Leia ainda: <\/strong>Sandrina Pratas &#8211; <a href=\"https:\/\/www.novagente.pt\/sandrina-pratas-apos-big-brother-recebeu-proposta-de-sonho-num-canal-surpreendente-gostava-muito\" rel=\"nofollow noopener\" target=\"_blank\">Ap\u00f3s Big Brother, recebeu proposta de sonho num canal surpreendente: &#8220;Gostava muito&#8230;&#8221;<\/a><\/p>\n<\/blockquote>\n<p>&#8220;Ela estava com dificuldade em falar e n\u00f3s not\u00e1mos que ela s\u00f3 fazia sons, n\u00e3o dizia a palavra toda. <strong>Ela come\u00e7a a agarrar-se \u00e0 cabe\u00e7a, d\u00e1 gritos e n\u00f3s ach\u00e1mos estranho.\u00a0Os meninos da turma dela j\u00e1 falam quase todos, dizem pequenas palavras, e a minha beb\u00e9 n\u00e3o fala<\/strong>&#8220;, contou \u00e0 referida publica\u00e7\u00e3o.<\/p>\n<p>Ap\u00f3s uma ida \u00e0 pediatria e a realiza\u00e7\u00e3o de v\u00e1rios exames, foi identificado o problema auditivo. Agora, <strong>os m\u00e9dicos v\u00e3o avaliar se o caso exige uma opera\u00e7\u00e3o ou se a melhor solu\u00e7\u00e3o ser\u00e1 o uso de um aparelho auditivo.<\/strong><\/p>\n<p>Recorde o casamento de Sandrina Pratas\u00a0<\/p>\n<p>Texto: Beatriz Soares; Fotos: Arquivo Impala e Redes Sociais.\u00a0<\/p>\n<p class=\"intagram-text\">Siga a Nova Gente no Instagram<\/p>\n<p>                        <a href=\"https:\/\/www.instagram.com\/revistanovagente\/\" target=\"_blank\" aria-label=\"instagram\" rel=\"noopener nofollow\"><img decoding=\"async\" style=\"display: block; margin-left: auto; margin-right: auto; width: 250px; height: 83px;\" src=\"https:\/\/www.europesays.com\/pt\/wp-content\/uploads\/2025\/11\/Instagram_NG.png\" alt=\"instagram\"\/><\/a><br \/>\n                    <script async src=\"\/\/www.instagram.com\/embed.js\"><\/script><\/p>\n","protected":false},"excerpt":{"rendered":"Sandrina Pratas\u00a0est\u00e1 a enfrentar dias\u00a0dif\u00edceis com a filha, a pequena Ariel, de apenas dois anos.\u00a0A menina, fruto da&hellip;\n","protected":false},"author":2,"featured_media":171463,"comment_status":"","ping_status":"","sticky":false,"template":"","format":"standard","meta":{"footnotes":""},"categories":[145],"tags":[14708,48,211,210,114,115,33855,32,33,1014,2161,162],"class_list":{"0":"post-171462","1":"post","2":"type-post","3":"status-publish","4":"format-standard","5":"has-post-thumbnail","7":"category-celebridades","8":"tag-ariel","9":"tag-big-brother","10":"tag-celebridades","11":"tag-celebrities","12":"tag-entertainment","13":"tag-entretenimento","14":"tag-lucas-santos","15":"tag-portugal","16":"tag-pt","17":"tag-reality-show","18":"tag-sandrina-pratas","19":"tag-tvi"},"share_on_mastodon":{"url":"https:\/\/pubeurope.com\/@pt\/115642860016095446","error":""},"_links":{"self":[{"href":"https:\/\/www.europesays.com\/pt\/wp-json\/wp\/v2\/posts\/171462","targetHints":{"allow":["GET"]}}],"collection":[{"href":"https:\/\/www.europesays.com\/pt\/wp-json\/wp\/v2\/posts"}],"about":[{"href":"https:\/\/www.europesays.com\/pt\/wp-json\/wp\/v2\/types\/post"}],"author":[{"embeddable":true,"href":"https:\/\/www.europesays.com\/pt\/wp-json\/wp\/v2\/users\/2"}],"replies":[{"embeddable":true,"href":"https:\/\/www.europesays.com\/pt\/wp-json\/wp\/v2\/comments?post=171462"}],"version-history":[{"count":0,"href":"https:\/\/www.europesays.com\/pt\/wp-json\/wp\/v2\/posts\/171462\/revisions"}],"wp:featuredmedia":[{"embeddable":true,"href":"https:\/\/www.europesays.com\/pt\/wp-json\/wp\/v2\/media\/171463"}],"wp:attachment":[{"href":"https:\/\/www.europesays.com\/pt\/wp-json\/wp\/v2\/media?parent=171462"}],"wp:term":[{"taxonomy":"category","embeddable":true,"href":"https:\/\/www.europesays.com\/pt\/wp-json\/wp\/v2\/categories?post=171462"},{"taxonomy":"post_tag","embeddable":true,"href":"https:\/\/www.europesays.com\/pt\/wp-json\/wp\/v2\/tags?post=171462"}],"curies":[{"name":"wp","href":"https:\/\/api.w.org\/{rel}","templated":true}]}}