{"id":171476,"date":"2025-12-01T07:04:09","date_gmt":"2025-12-01T07:04:09","guid":{"rendered":"https:\/\/www.europesays.com\/pt\/171476\/"},"modified":"2025-12-01T07:04:09","modified_gmt":"2025-12-01T07:04:09","slug":"expulso-dylan-ja-sabe-que-pedro-jorge-e-marisa-sao-um-casal-e-tem-algo-a-dizer","status":"publish","type":"post","link":"https:\/\/www.europesays.com\/pt\/171476\/","title":{"rendered":"Expulso, Dylan j\u00e1 sabe que Pedro Jorge e Marisa s\u00e3o um casal&#8230; e tem algo a dizer!"},"content":{"rendered":"<p><a href=\"https:\/\/selfie.iol.pt\/famosos\/casa-dos-segredos\/secret-story-dylan-e-expulso-e-ines-fica-em-lagrimas\/20251201\/692cdc30d34e2bd5c6d49b5e\" target=\"_blank\" rel=\"nofollow noopener\">Dylan \u00e9 o expulso deste domingo, dia 30, de &#8220;Secret Story &#8211; Casa dos Segredos&#8221;<\/a>\u00a0e, instantes depois de sair do\u00a0reality show\u00a0da\u00a0<a href=\"https:\/\/tvi.iol.pt\/\" target=\"_blank\" wbo-id=\"60\" rel=\"nofollow noopener\">TVI<\/a>, o, agora, ex-concorrente j\u00e1 p\u00f4de saber de alguns segredos dos antigos colegas.<\/p>\n<p>Por exemplo, em conversa com a equipa do digital da TVI, Dylan mostrou-se surpreso, depois de descobrir que Marisa e Pedro Jorge s\u00e3o casados.<\/p>\n<p>&#8220;Foi um choque total. N\u00e3o estava de todo \u00e0 espera que eles fossem um casal. Est\u00e3o a fazer as coisas muito bem feitas&#8221;, admitiu o jovem, antes de reconhecer: &#8220;\u00c9 um segredo forte. Est\u00e3o a fazer muito bem ao escond\u00ea-lo at\u00e9 agora. E duvido que algu\u00e9m acerte.&#8221;<\/p>\n<p>Entretanto, no Instagram, Ana Cristina partilhou um v\u00eddeo que capta o momento em que Dylan descobre este segredo.<\/p>\n<p>Veja o v\u00eddeo e algumas das melhores imagens de Dylan, Marisa e Pedro Jorge nas galerias de fotografias que prepar\u00e1mos para si.<\/p>\n<blockquote class=\"instagram-media\" data-instgrm-captioned=\"\" data-instgrm-permalink=\"https:\/\/www.instagram.com\/reel\/DRs6TNAiCle\/?utm_source=ig_embed&amp;utm_campaign=loading\" data-instgrm-version=\"14\" style=\" background:#FFF; border:0; border-radius:3px; box-shadow:0 0 1px 0 rgba(0,0,0,0.5),0 1px 10px 0 rgba(0,0,0,0.15); margin: 1px; max-width:540px; min-width:326px; padding:0; width:99.375%; width:-webkit-calc(100% - 2px); width:calc(100% - 2px);\">\n<\/blockquote>\n<p>                        <script async src=\"\/\/www.instagram.com\/embed.js\"><\/script><\/p>\n","protected":false},"excerpt":{"rendered":"Dylan \u00e9 o expulso deste domingo, dia 30, de &#8220;Secret Story &#8211; Casa dos Segredos&#8221;\u00a0e, instantes depois de&hellip;\n","protected":false},"author":2,"featured_media":171477,"comment_status":"","ping_status":"","sticky":false,"template":"","format":"standard","meta":{"footnotes":""},"categories":[142],"tags":[2632,21040,114,115,980,19184,619,21416,32,33,1014,1315,1012,151,162],"class_list":{"0":"post-171476","1":"post","2":"type-post","3":"status-publish","4":"format-standard","5":"has-post-thumbnail","7":"category-tv","8":"tag-casa-dos-segredos","9":"tag-dylan-fonte","10":"tag-entertainment","11":"tag-entretenimento","12":"tag-famosos","13":"tag-marisa","14":"tag-nacional","15":"tag-pedro-jorge","16":"tag-portugal","17":"tag-pt","18":"tag-reality-show","19":"tag-secret-story","20":"tag-selfie","21":"tag-tv","22":"tag-tvi"},"share_on_mastodon":{"url":"https:\/\/pubeurope.com\/@pt\/115643040587320556","error":""},"_links":{"self":[{"href":"https:\/\/www.europesays.com\/pt\/wp-json\/wp\/v2\/posts\/171476","targetHints":{"allow":["GET"]}}],"collection":[{"href":"https:\/\/www.europesays.com\/pt\/wp-json\/wp\/v2\/posts"}],"about":[{"href":"https:\/\/www.europesays.com\/pt\/wp-json\/wp\/v2\/types\/post"}],"author":[{"embeddable":true,"href":"https:\/\/www.europesays.com\/pt\/wp-json\/wp\/v2\/users\/2"}],"replies":[{"embeddable":true,"href":"https:\/\/www.europesays.com\/pt\/wp-json\/wp\/v2\/comments?post=171476"}],"version-history":[{"count":0,"href":"https:\/\/www.europesays.com\/pt\/wp-json\/wp\/v2\/posts\/171476\/revisions"}],"wp:featuredmedia":[{"embeddable":true,"href":"https:\/\/www.europesays.com\/pt\/wp-json\/wp\/v2\/media\/171477"}],"wp:attachment":[{"href":"https:\/\/www.europesays.com\/pt\/wp-json\/wp\/v2\/media?parent=171476"}],"wp:term":[{"taxonomy":"category","embeddable":true,"href":"https:\/\/www.europesays.com\/pt\/wp-json\/wp\/v2\/categories?post=171476"},{"taxonomy":"post_tag","embeddable":true,"href":"https:\/\/www.europesays.com\/pt\/wp-json\/wp\/v2\/tags?post=171476"}],"curies":[{"name":"wp","href":"https:\/\/api.w.org\/{rel}","templated":true}]}}