{"id":171480,"date":"2025-12-01T07:17:18","date_gmt":"2025-12-01T07:17:18","guid":{"rendered":"https:\/\/www.europesays.com\/pt\/171480\/"},"modified":"2025-12-01T07:17:18","modified_gmt":"2025-12-01T07:17:18","slug":"apos-morte-de-pessoa-especial-rita-pereira-abre-as-portas-de-casa-e-revela-cantinho-unico-fica-a-saudade","status":"publish","type":"post","link":"https:\/\/www.europesays.com\/pt\/171480\/","title":{"rendered":"Ap\u00f3s morte de pessoa especial, Rita Pereira abre as portas de casa e revela cantinho \u00fanico: &#8220;Fica a saudade&#8221;"},"content":{"rendered":"<p><a href=\"https:\/\/selfie.iol.pt\/famosos\/rita-pereira\/rita-pereira-partilha-imagens-ineditas-da-filha-esta-miuda-ja-faz-1-ano\/20251112\/691472b9d34e2bd5c6d3e9b3\" target=\"_blank\" rel=\"nofollow noopener\">Rita Pereira<\/a> emocionou os seguidores do Instagram com uma partilha da respetiva vida pessoal. &#8220;Quando eu era pequena, o meu av\u00f4 criou um pequeno para\u00edso no quintal da casa dele. Um tanque simples e improvisado, mas cheio de magia. Ele cobriu cada canto com conchas, uma a uma, como se estivesse a colar mem\u00f3rias no cimento. Ali, aprendi que o amor existe nos detalhes, nos gestos silenciosos, na beleza que fica para al\u00e9m do tempo&#8221;, come\u00e7ou por referir a atriz num v\u00eddeo, no qual surge a construir um cantinho \u00fanico na respetiva casa.<\/p>\n<p>&#8220;Este ano, o meu av\u00f4 partiu com 98 anos e eu quis que ele continuasse aqui comigo, porque o amor n\u00e3o acaba quando o corpo descansa. Fica a saudade, que eu transformei em homenagem. Enchi a minha piscina de conchas tamb\u00e9m para senti-lo de perto, para agradecer, para honrar o homem que transformou um tanque em oceano e a minha inf\u00e2ncia em luz&#8221;, acrescentou, antes de completar: &#8220;Hoje, cada concha \u00e9 um agradecimento ao meu av\u00f4, que me ensinou a eternidade no simples.&#8221;<\/p>\n<p>Veja, agora, o v\u00eddeo. E n\u00e3o deixe de espreitar algumas das melhores imagens de Rita Pereira nas galerias de fotografias que prepar\u00e1mos para si.<\/p>\n<blockquote class=\"instagram-media\" data-instgrm-captioned=\"\" data-instgrm-permalink=\"https:\/\/www.instagram.com\/reel\/DRr7VXojZbL\/?utm_source=ig_embed&amp;utm_campaign=loading\" data-instgrm-version=\"14\" style=\" background:#FFF; border:0; border-radius:3px; box-shadow:0 0 1px 0 rgba(0,0,0,0.5),0 1px 10px 0 rgba(0,0,0,0.15); margin: 1px; max-width:540px; min-width:326px; padding:0; width:99.375%; width:-webkit-calc(100% - 2px); width:calc(100% - 2px);\">\n<\/blockquote>\n<p>                        <script async src=\"\/\/www.instagram.com\/embed.js\"><\/script><\/p>\n","protected":false},"excerpt":{"rendered":"Rita Pereira emocionou os seguidores do Instagram com uma partilha da respetiva vida pessoal. &#8220;Quando eu era pequena,&hellip;\n","protected":false},"author":2,"featured_media":171481,"comment_status":"","ping_status":"","sticky":false,"template":"","format":"standard","meta":{"footnotes":""},"categories":[145],"tags":[813,2019,211,210,114,115,980,1015,619,32,33,5871,1012,18614,162],"class_list":{"0":"post-171480","1":"post","2":"type-post","3":"status-publish","4":"format-standard","5":"has-post-thumbnail","7":"category-celebridades","8":"tag-atriz","9":"tag-casa","10":"tag-celebridades","11":"tag-celebrities","12":"tag-entertainment","13":"tag-entretenimento","14":"tag-famosos","15":"tag-instagram","16":"tag-nacional","17":"tag-portugal","18":"tag-pt","19":"tag-rita-pereira","20":"tag-selfie","21":"tag-terra-forte","22":"tag-tvi"},"share_on_mastodon":{"url":"https:\/\/pubeurope.com\/@pt\/115643091724158961","error":""},"_links":{"self":[{"href":"https:\/\/www.europesays.com\/pt\/wp-json\/wp\/v2\/posts\/171480","targetHints":{"allow":["GET"]}}],"collection":[{"href":"https:\/\/www.europesays.com\/pt\/wp-json\/wp\/v2\/posts"}],"about":[{"href":"https:\/\/www.europesays.com\/pt\/wp-json\/wp\/v2\/types\/post"}],"author":[{"embeddable":true,"href":"https:\/\/www.europesays.com\/pt\/wp-json\/wp\/v2\/users\/2"}],"replies":[{"embeddable":true,"href":"https:\/\/www.europesays.com\/pt\/wp-json\/wp\/v2\/comments?post=171480"}],"version-history":[{"count":0,"href":"https:\/\/www.europesays.com\/pt\/wp-json\/wp\/v2\/posts\/171480\/revisions"}],"wp:featuredmedia":[{"embeddable":true,"href":"https:\/\/www.europesays.com\/pt\/wp-json\/wp\/v2\/media\/171481"}],"wp:attachment":[{"href":"https:\/\/www.europesays.com\/pt\/wp-json\/wp\/v2\/media?parent=171480"}],"wp:term":[{"taxonomy":"category","embeddable":true,"href":"https:\/\/www.europesays.com\/pt\/wp-json\/wp\/v2\/categories?post=171480"},{"taxonomy":"post_tag","embeddable":true,"href":"https:\/\/www.europesays.com\/pt\/wp-json\/wp\/v2\/tags?post=171480"}],"curies":[{"name":"wp","href":"https:\/\/api.w.org\/{rel}","templated":true}]}}