{"id":171493,"date":"2025-12-01T07:47:29","date_gmt":"2025-12-01T07:47:29","guid":{"rendered":"https:\/\/www.europesays.com\/pt\/171493\/"},"modified":"2025-12-01T07:47:29","modified_gmt":"2025-12-01T07:47:29","slug":"entenda-como-cientistas-descobriram-descargas-eletricas-no-planeta-vermelho","status":"publish","type":"post","link":"https:\/\/www.europesays.com\/pt\/171493\/","title":{"rendered":"entenda como cientistas descobriram descargas el\u00e9tricas no planeta vermelho"},"content":{"rendered":"\n<p class=\" content-text__container theme-color-primary-first-letter\" data-track-category=\"Link no Texto\" data-track-links=\"\"> Cientistas relataram nesta semana a detec\u00e7\u00e3o de raios em Marte. No entanto, o que eles observaram n\u00e3o foram os rel\u00e2mpagos irregulares e de alta voltagem que conhecemos na Terra, que rasgam o c\u00e9u das nuvens at\u00e9 o solo. Segundo os estudos, o fen\u00f4meno marciano \u00e9 mais sutil: a sensa\u00e7\u00e3o seria compar\u00e1vel ao pequeno choque est\u00e1tico que sentimos ao tocar em uma ma\u00e7aneta de metal ap\u00f3s caminhar sobre um tapete em um dia frio de inverno. <\/p>\n<ul class=\"content-unordered-list\">\n<li><strong>Leia mais: <\/strong><a class=\"\" href=\"https:\/\/oglobo.globo.com\/mundo\/clima-e-ciencia\/noticia\/2025\/11\/25\/saturno-e-o-desaparecimento-de-seus-aneis-saiba-como-assistir-o-fenomeno-raro-neste-fim-de-semana.ghtml\" rel=\"nofollow noopener\" target=\"_blank\">Saturno e o desaparecimento de seus an\u00e9is: saiba como assistir o fen\u00f4meno raro neste fim de semana<\/a><\/li>\n<li><strong>Veja tamb\u00e9m: <\/strong><a class=\"\" href=\"https:\/\/oglobo.globo.com\/mundo\/clima-e-ciencia\/noticia\/2025\/11\/19\/nasa-divulgara-novas-imagens-do-cometa-3iatlas-obtidas-por-espaconaves-e-telescopios.ghtml\" rel=\"nofollow noopener\" target=\"_blank\">Nasa divulgar\u00e1 novas imagens do cometa 3I\/ATLAS obtidas por espa\u00e7onaves e telesc\u00f3pios<\/a><\/li>\n<\/ul>\n<p class=\" content-text__container \" data-track-category=\"Link no Texto\" data-track-links=\"\"> \u201c\u00c9 como um mini-raio em Marte\u201d, explicou Baptiste Chide, cientista do Instituto de Pesquisa em Astrof\u00edsica e Ci\u00eancia Planet\u00e1ria de Toulouse, Fran\u00e7a, referindo-se \u00e0s descargas el\u00e9tricas de escala centim\u00e9trica. As descobertas de Chide e sua equipe foram detalhadas em um estudo publicado na revista cient\u00edfica Nature. <\/p>\n<p class=\" content-text__container \" data-track-category=\"Link no Texto\" data-track-links=\"\"> O aspecto mais fascinante da descoberta \u00e9 como ela foi feita. Curiosamente, ningu\u00e9m viu um mini-raio marciano, j\u00e1 que a detec\u00e7\u00e3o foi auditiva. Um microfone a bordo do rover Perseverance, da NASA, captou o som da descarga el\u00e9trica \u2014 o equivalente a um &#8220;mini-trov\u00e3o&#8221;. O som, longe de ser estrondoso, \u00e9 um estalo de est\u00e1tica. <\/p>\n<p class=\" content-text__container \" data-track-category=\"Link no Texto\" data-track-links=\"\"> A grava\u00e7\u00e3o capturou uma paisagem sonora complexa: o ru\u00eddo de baixa frequ\u00eancia do vento enquanto um dust devil (um redemoinho de poeira ou pequeno tornado) passava sobre o Perseverance, o som dos gr\u00e3os de poeira atingindo o rob\u00f4 e, finalmente, um som mais alto e distinto: a descarga el\u00e9trica. <\/p>\n<p>Perigo para os astronautas?<\/p>\n<p class=\" content-text__container \" data-track-category=\"Link no Texto\" data-track-links=\"\"> Embora essas fa\u00edscas el\u00e9tricas n\u00e3o possuam a viol\u00eancia dram\u00e1tica dos raios terrestres, elas podem desempenhar um papel crucial nas rea\u00e7\u00f5es qu\u00edmicas da atmosfera marciana. Mas o que isso significa para os futuros exploradores humanos? <\/p>\n<p class=\" content-text__container \" data-track-category=\"Link no Texto\" data-track-links=\"\"> Para os astronautas que pisarem no planeta vermelho, esses choques min\u00fasculos n\u00e3o representam risco de eletrocuss\u00e3o. \u201cClaro que isso n\u00e3o vai te matar\u201d, assegurou o Dr. Chide. <\/p>\n<p class=\" content-text__container \" data-track-category=\"Link no Texto\" data-track-links=\"\"> Entretanto, h\u00e1 uma preocupa\u00e7\u00e3o tecnol\u00f3gica. Com o tempo, essas descargas el\u00e9tricas \u2014 essencialmente curtos-circuitos saltando entre mol\u00e9culas de g\u00e1s \u2014 poderiam interferir ou danificar dispositivos eletr\u00f4nicos e at\u00e9 mesmo os trajes espaciais. O novo conhecimento ser\u00e1 vital para engenheiros projetarem espa\u00e7onaves e equipamentos mais resistentes para futuras miss\u00f5es a Marte. <\/p>\n<p class=\" content-text__container \" data-track-category=\"Link no Texto\" data-track-links=\"\"> Raios j\u00e1 haviam sido observados em outros planetas do sistema solar, como nas atmosferas de J\u00fapiter e Saturno. Como Marte \u00e9 frio e seco, cientistas h\u00e1 muito tempo teorizavam que cargas el\u00e9tricas poderiam se acumular no ar, especialmente durante tempestades de poeira, quando as part\u00edculas se atritam e geram descargas. <\/p>\n<p class=\" content-text__container \" data-track-category=\"Link no Texto\" data-track-links=\"\"> Buscas anteriores por tais fen\u00f4menos produziram dados amb\u00edguos e contradit\u00f3rios. As novas medi\u00e7\u00f5es do Perseverance, contudo, parecem ter encerrado o debate. <\/p>\n<p class=\" content-text__container \" data-track-category=\"Link no Texto\" data-track-links=\"\"> \u201c\u00c9 muito interessante, muito significativo e, creio eu, a evid\u00eancia observacional mais direta que temos de atividade el\u00e9trica na atmosfera de Marte at\u00e9 hoje\u201d, disse Giles Harrison, professor de f\u00edsica atmosf\u00e9rica da Universidade de Reading, na Inglaterra, que n\u00e3o participou do estudo. \u201cAcho bastante convincente.\u201d <\/p>\n","protected":false},"excerpt":{"rendered":"Cientistas relataram nesta semana a detec\u00e7\u00e3o de raios em Marte. No entanto, o que eles observaram n\u00e3o foram&hellip;\n","protected":false},"author":2,"featured_media":171494,"comment_status":"","ping_status":"","sticky":false,"template":"","format":"standard","meta":{"footnotes":""},"categories":[84],"tags":[109,107,108,32,33,105,103,104,106,110],"class_list":{"0":"post-171493","1":"post","2":"type-post","3":"status-publish","4":"format-standard","5":"has-post-thumbnail","7":"category-ciencia-e-tecnologia","8":"tag-ciencia","9":"tag-ciencia-e-tecnologia","10":"tag-cienciaetecnologia","11":"tag-portugal","12":"tag-pt","13":"tag-science","14":"tag-science-and-technology","15":"tag-scienceandtechnology","16":"tag-technology","17":"tag-tecnologia"},"share_on_mastodon":{"url":"https:\/\/pubeurope.com\/@pt\/115643209671165187","error":""},"_links":{"self":[{"href":"https:\/\/www.europesays.com\/pt\/wp-json\/wp\/v2\/posts\/171493","targetHints":{"allow":["GET"]}}],"collection":[{"href":"https:\/\/www.europesays.com\/pt\/wp-json\/wp\/v2\/posts"}],"about":[{"href":"https:\/\/www.europesays.com\/pt\/wp-json\/wp\/v2\/types\/post"}],"author":[{"embeddable":true,"href":"https:\/\/www.europesays.com\/pt\/wp-json\/wp\/v2\/users\/2"}],"replies":[{"embeddable":true,"href":"https:\/\/www.europesays.com\/pt\/wp-json\/wp\/v2\/comments?post=171493"}],"version-history":[{"count":0,"href":"https:\/\/www.europesays.com\/pt\/wp-json\/wp\/v2\/posts\/171493\/revisions"}],"wp:featuredmedia":[{"embeddable":true,"href":"https:\/\/www.europesays.com\/pt\/wp-json\/wp\/v2\/media\/171494"}],"wp:attachment":[{"href":"https:\/\/www.europesays.com\/pt\/wp-json\/wp\/v2\/media?parent=171493"}],"wp:term":[{"taxonomy":"category","embeddable":true,"href":"https:\/\/www.europesays.com\/pt\/wp-json\/wp\/v2\/categories?post=171493"},{"taxonomy":"post_tag","embeddable":true,"href":"https:\/\/www.europesays.com\/pt\/wp-json\/wp\/v2\/tags?post=171493"}],"curies":[{"name":"wp","href":"https:\/\/api.w.org\/{rel}","templated":true}]}}