{"id":171501,"date":"2025-12-01T08:07:17","date_gmt":"2025-12-01T08:07:17","guid":{"rendered":"https:\/\/www.europesays.com\/pt\/171501\/"},"modified":"2025-12-01T08:07:17","modified_gmt":"2025-12-01T08:07:17","slug":"e-a-cara-de-quem-dani-calabresa-exibe-nova-foto-do-rosto-do-filho","status":"publish","type":"post","link":"https:\/\/www.europesays.com\/pt\/171501\/","title":{"rendered":"\u00c9 a cara de quem? Dani Calabresa exibe nova foto do rosto do filho"},"content":{"rendered":"<p>A humorista <a href=\"https:\/\/caras.com.br\/tags\/dani-calabresa\" rel=\"nofollow noopener\" target=\"_blank\"><strong>Dani Calabresa<\/strong><\/a> explodiu o fofur\u00f4metro das redes sociais ao mostrar novas fotos do filho, <strong>Bernardo<\/strong>, fruto do casamento com <strong>Richard Neuman<\/strong>. Neste fim de semana, a estrela abriu um \u00e1lbum de fotos com momentos especiais que viveu nos \u00faltimos dias e registrou imagens do herdeiro.<\/p>\n<p>Em uma das fotos, os f\u00e3s puderam ver os detalhes do rosto de Bernardo, que \u00e9 criado pelos pais longe dos holofotes. Na foto, ele apareceu no colo do pai em um momento tranquilo da rotina em casa.<\/p>\n<p>Vale lembrar que Bernardo nasceu em Julho de 2025 em uma maternidade de S\u00e3o Paulo.<\/p>\n<p>A partir das novas fotos de Bernardo, a <strong>CARAS Brasil<\/strong> quer saber: Voc\u00ea acha que o beb\u00ea se parece mais com a m\u00e3e ou com o pai? Vote na enquete abaixo!<\/p>\n<p>\t <img loading=\"lazy\" decoding=\"async\" class=\"wp-image-1037800 size-full img-fluid lazy\" alt=\"Dani Calabresa mostra fotos do filho, Bernardo - Foto: Reprodu\u00e7\u00e3o \/ Instagram\" width=\"1080\" height=\"1440\" src=\"https:\/\/www.europesays.com\/pt\/wp-content\/uploads\/2025\/12\/filho-de-dani-calabresa.jpg\"  \/>Dani Calabresa mostra fotos do filho, Bernardo \u2013 Foto: Reprodu\u00e7\u00e3o \/ Instagram <img loading=\"lazy\" decoding=\"async\" class=\"wp-image-1037799 size-full img-fluid lazy\" alt=\"Dani Calabresa mostra fotos do filho, Bernardo - Foto: Reprodu\u00e7\u00e3o \/ Instagram\" width=\"1080\" height=\"1440\" src=\"https:\/\/www.europesays.com\/pt\/wp-content\/uploads\/2025\/12\/filho-de-dani-calabresa-2.jpg\"  \/>Dani Calabresa mostra fotos do filho, Bernardo \u2013 Foto: Reprodu\u00e7\u00e3o \/ Instagram <img loading=\"lazy\" decoding=\"async\" class=\"wp-image-1037798 size-full img-fluid lazy\" alt=\"Dani Calabresa mostra fotos do filho, Bernardo - Foto: Reprodu\u00e7\u00e3o \/ Instagram\" width=\"960\" height=\"1274\" src=\"https:\/\/www.europesays.com\/pt\/wp-content\/uploads\/2025\/12\/filho-de-dani-calabresa-1.jpg\"  \/>Dani Calabresa mostra fotos do filho, Bernardo \u2013 Foto: Reprodu\u00e7\u00e3o \/ Instagram <img loading=\"lazy\" decoding=\"async\" class=\"wp-image-1037801 size-full img-fluid lazy\" alt=\"Richard Neuman, Dani Calabresa e Bernardo - Foto: Reprodu\u00e7\u00e3o \/ Instagram\" width=\"1920\" height=\"1080\" src=\"https:\/\/www.europesays.com\/pt\/wp-content\/uploads\/2025\/12\/richard-dani-calabresa-bernardo.jpg\"  \/>Richard Neuman, Dani Calabresa e Bernardo \u2013 Foto: Reprodu\u00e7\u00e3o \/ Instagram<br \/>\n<img loading=\"lazy\" decoding=\"async\" src=\"https:\/\/www.europesays.com\/pt\/wp-content\/uploads\/2025\/12\/loading.gif\" width=\"16\" height=\"16\" alt=\"Loading ...\" title=\"Loading ...\" class=\"wp-polls-image\"\/>\u00a0Loading &#8230;<br \/>\n O significado de Bernardo <\/p>\n<p>O beb\u00ea recebeu o nome de <strong>Bernardo<\/strong>, que tem um significado especial. Saiba qual \u00e9: O nome Bernardo tem origem germ\u00e2nica e vem da uni\u00e3o das palavras urso e forte\/corajoso. Ent\u00e3o, este nome traz o significado de for\u00e7a e bravura.<\/p>\n<p>Quando Dani Calabresa revelou <a href=\"https:\/\/caras.com.br\/bebe\/gravida-dani-calabresa-revela-o-nome-de-seu-primeiro-filho.phtml\" target=\"_blank\" rel=\"noopener nofollow\">qual \u00e9 o nome do filho<\/a>, ela tamb\u00e9m falou sobre os significados que chamaram a sua aten\u00e7\u00e3o na hora da escolha. \u201cQual \u00e9 o significado de Bernardo? Aqui, ele \u00e9 forte como um urso. Os significados atrelados ao nome Bernardo evocam for\u00e7a e destreza. Isso acontece, pois o nome Bernardo \u00e9 formado pela jun\u00e7\u00e3o dos elementos germ\u00e2nicos \u2018ber\u2019, que quer dizer \u2018urso\u2019, e \u2018hart\u2019, que significa \u2018forte\u2019\u201c, revelou na \u00e9poca.<\/p>\n<p>O nascimento do primeiro filho de Dani Calabresa e Richard Neuman foi revelado pelos papais em 17 de julho de 2025. O <a href=\"https:\/\/caras.com.br\/bebe\/dani-calabresa-anuncia-nascimento-do-filho-e-mostra-primeira-foto-do-bebe.phtml\" rel=\"nofollow noopener\" target=\"_blank\">beb\u00ea chegou ao mundo no dia 8 do mesmo m\u00eas<\/a>, em uma maternidade em S\u00e3o Paulo.<\/p>\n<p>A novidade foi anunciada nas redes sociais do casal, que celebrou com muito amor a chegada do herdeiro: \u201cNosso beb\u00ea Bernardo chegou. 08 de julho. O cora\u00e7\u00e3o que batia aqui dentro, agora t\u00e1 aqui fora, fazendo o nosso transbordar de AMOR. Melhor sensa\u00e7\u00e3o do mundo!!!! Obrigada meu Deus!!!\u201c, declarou a humorista, mostrando somente uma foto do p\u00e9zinho do pequeno.<\/p>\n<p><strong>Leia tamb\u00e9m<\/strong>: <a href=\"https:\/\/caras.com.br\/bebe\/dani-calabresa-emociona-ao-contar-o-que-aprendeu-com-a-chegada-do-filho-bernardo-eu-sinto.phtml\" rel=\"nofollow noopener\" target=\"_blank\">Dani Calabresa emociona ao contar o que aprendeu com a chegada do filho Bernardo: \u2018Eu sinto\u2019<\/a><\/p>\n<p>\u00a0<\/p>\n<p>        <a href=\"https:\/\/caras.com.br\/autor\/priscilla-comoti\" rel=\"nofollow noopener\" target=\"_blank\">&#13;<br \/>\n          <img alt=\"Priscilla Comoti\" src=\"https:\/\/www.europesays.com\/pt\/wp-content\/uploads\/2025\/12\/1764576437_523_e53883bdf02c542f6517b68879e8cb08b27a1d55c4dfd53577e47d3ab6331a06\"  class=\"avatar avatar-115 photo rounded-circle mr-3\" height=\"115\" width=\"115\" loading=\"lazy\" decoding=\"async\"\/>        <\/a><\/p>\n<p>Priscilla Comoti \u00e9 editora de conte\u00fado do site CARAS. Ela \u00e9 formada em jornalismo e em audiovisual, j\u00e1 passou pelos sites Contigo!, Minha Novela, TiTiTi, Mais Novela e Portal M\u00e1rcia Piovesan. Escreve sobre celebridades, not\u00edcias sobre a fam\u00edlia real brit\u00e2nica, TV, reality show e novelas.<\/p>\n","protected":false},"excerpt":{"rendered":"A humorista Dani Calabresa explodiu o fofur\u00f4metro das redes sociais ao mostrar novas fotos do filho, Bernardo, fruto&hellip;\n","protected":false},"author":2,"featured_media":171502,"comment_status":"","ping_status":"","sticky":false,"template":"","format":"standard","meta":{"footnotes":""},"categories":[145],"tags":[19276,211,210,5361,114,115,32848,32,33],"class_list":{"0":"post-171501","1":"post","2":"type-post","3":"status-publish","4":"format-standard","5":"has-post-thumbnail","7":"category-celebridades","8":"tag-bernardo","9":"tag-celebridades","10":"tag-celebrities","11":"tag-dani-calabresa","12":"tag-entertainment","13":"tag-entretenimento","14":"tag-filho-de-dani-calabresa","15":"tag-portugal","16":"tag-pt"},"share_on_mastodon":{"url":"https:\/\/pubeurope.com\/@pt\/115643288938952701","error":""},"_links":{"self":[{"href":"https:\/\/www.europesays.com\/pt\/wp-json\/wp\/v2\/posts\/171501","targetHints":{"allow":["GET"]}}],"collection":[{"href":"https:\/\/www.europesays.com\/pt\/wp-json\/wp\/v2\/posts"}],"about":[{"href":"https:\/\/www.europesays.com\/pt\/wp-json\/wp\/v2\/types\/post"}],"author":[{"embeddable":true,"href":"https:\/\/www.europesays.com\/pt\/wp-json\/wp\/v2\/users\/2"}],"replies":[{"embeddable":true,"href":"https:\/\/www.europesays.com\/pt\/wp-json\/wp\/v2\/comments?post=171501"}],"version-history":[{"count":0,"href":"https:\/\/www.europesays.com\/pt\/wp-json\/wp\/v2\/posts\/171501\/revisions"}],"wp:featuredmedia":[{"embeddable":true,"href":"https:\/\/www.europesays.com\/pt\/wp-json\/wp\/v2\/media\/171502"}],"wp:attachment":[{"href":"https:\/\/www.europesays.com\/pt\/wp-json\/wp\/v2\/media?parent=171501"}],"wp:term":[{"taxonomy":"category","embeddable":true,"href":"https:\/\/www.europesays.com\/pt\/wp-json\/wp\/v2\/categories?post=171501"},{"taxonomy":"post_tag","embeddable":true,"href":"https:\/\/www.europesays.com\/pt\/wp-json\/wp\/v2\/tags?post=171501"}],"curies":[{"name":"wp","href":"https:\/\/api.w.org\/{rel}","templated":true}]}}