{"id":171511,"date":"2025-12-01T08:21:11","date_gmt":"2025-12-01T08:21:11","guid":{"rendered":"https:\/\/www.europesays.com\/pt\/171511\/"},"modified":"2025-12-01T08:21:11","modified_gmt":"2025-12-01T08:21:11","slug":"vascaina-dona-dea-lucia-mae-do-humorista-paulo-gustavo-responde-plateia-do-domingao-com-o-huck-que-cantava-hino-do-urubu-veja","status":"publish","type":"post","link":"https:\/\/www.europesays.com\/pt\/171511\/","title":{"rendered":"Vasca\u00edna, Dona D\u00e9a L\u00facia, m\u00e3e do humorista Paulo Gustavo, responde plateia do &#8216;Doming\u00e3o com o Huck&#8217;, que cantava hino do Urubu; veja"},"content":{"rendered":"<p>Vasca\u00edna, Dona D\u00e9a L\u00facia, m\u00e3e do humorista Paulo Gustavo, responde plateia do &#8216;Doming\u00e3o com o Huck&#8217;, que cantava hino do Urubu; veja<\/p>\n<p>Domingo, 30\/11\/2025  &#8211; 18:32<\/p>\n<p>                            \t\t\t\t\tM\u00eddia Vasca\u00edna @midiavascaina<br \/>\n<br \/>\ud83d\udca2\ud83d\udc40 Dona D\u00e9a, m\u00e3e de Paulo Gustavo, respondendo a plateia do Doming\u00e3o do Huck que cantava o hino do flamengo \ud83d\ude05\ud83d\ude02<\/p>\n<p>Fonte: X M\u00eddia Vasca\u00edna<\/p>\n","protected":false},"excerpt":{"rendered":"Vasca\u00edna, Dona D\u00e9a L\u00facia, m\u00e3e do humorista Paulo Gustavo, responde plateia do &#8216;Doming\u00e3o com o Huck&#8217;, que cantava&hellip;\n","protected":false},"author":2,"featured_media":171512,"comment_status":"","ping_status":"","sticky":false,"template":"","format":"standard","meta":{"footnotes":""},"categories":[145],"tags":[211,210,114,115,2460,13,32,33,35922,28247],"class_list":{"0":"post-171511","1":"post","2":"type-post","3":"status-publish","4":"format-standard","5":"has-post-thumbnail","7":"category-celebridades","8":"tag-celebridades","9":"tag-celebrities","10":"tag-entertainment","11":"tag-entretenimento","12":"tag-flamengo","13":"tag-noticias","14":"tag-portugal","15":"tag-pt","16":"tag-urubu","17":"tag-vasco"},"share_on_mastodon":{"url":"https:\/\/pubeurope.com\/@pt\/115643343372318693","error":""},"_links":{"self":[{"href":"https:\/\/www.europesays.com\/pt\/wp-json\/wp\/v2\/posts\/171511","targetHints":{"allow":["GET"]}}],"collection":[{"href":"https:\/\/www.europesays.com\/pt\/wp-json\/wp\/v2\/posts"}],"about":[{"href":"https:\/\/www.europesays.com\/pt\/wp-json\/wp\/v2\/types\/post"}],"author":[{"embeddable":true,"href":"https:\/\/www.europesays.com\/pt\/wp-json\/wp\/v2\/users\/2"}],"replies":[{"embeddable":true,"href":"https:\/\/www.europesays.com\/pt\/wp-json\/wp\/v2\/comments?post=171511"}],"version-history":[{"count":0,"href":"https:\/\/www.europesays.com\/pt\/wp-json\/wp\/v2\/posts\/171511\/revisions"}],"wp:featuredmedia":[{"embeddable":true,"href":"https:\/\/www.europesays.com\/pt\/wp-json\/wp\/v2\/media\/171512"}],"wp:attachment":[{"href":"https:\/\/www.europesays.com\/pt\/wp-json\/wp\/v2\/media?parent=171511"}],"wp:term":[{"taxonomy":"category","embeddable":true,"href":"https:\/\/www.europesays.com\/pt\/wp-json\/wp\/v2\/categories?post=171511"},{"taxonomy":"post_tag","embeddable":true,"href":"https:\/\/www.europesays.com\/pt\/wp-json\/wp\/v2\/tags?post=171511"}],"curies":[{"name":"wp","href":"https:\/\/api.w.org\/{rel}","templated":true}]}}